{"id":15414175,"date":"2022-08-21T09:43:20","date_gmt":"2022-08-21T09:43:20","guid":{"rendered":"https:\/\/eleskamralisztek.hu\/?p=15414175"},"modified":"2022-08-25T06:13:53","modified_gmt":"2022-08-25T06:13:53","slug":"tokeletes-vegan-pizza-nem-csak-veganoknak","status":"publish","type":"post","link":"https:\/\/eleskamralisztek.hu\/?p=15414175","title":{"rendered":"T\u00f6k\u00e9letes Veg\u00e1n Pizza nem csak veg\u00e1noknak"},"content":{"rendered":"\n<p>\u00c9letm\u00f3dv\u00e1lt\u00e1s sor\u00e1n 2 dolog biztosan felmer\u00fcl az emberekben. <\/p>\n\n\n\n<ol class=\"wp-block-list\"><li>Mi lesz az \u00e9trendemben a keny\u00e9r helyett? <\/li><li>Pizza? Pizz\u00e1t akkor m\u00e1r t\u00f6bb\u00e9 nem ehetek? <\/li><\/ol>\n\n\n\n<p>Glut\u00e9nmentes paleo pizza lisztkever\u00e9k\u00fcnk term\u00e9szetesen hatalmas seg\u00edts\u00e9g, de ha szeretsz k\u00eds\u00e9rletezni, vagy hagyom\u00e1nyos \u00edzeket keresel, akkor ezt a pizz\u00e1t mindenk\u00e9ppen pr\u00f3b\u00e1ld ki. <\/p>\n\n\n\n<p><strong>\u00c9l\u00e9kamra Veg\u00e1n H\u00e1zi feh\u00e9r keny\u00e9r lisztkever\u00e9k lesz a seg\u00edts\u00e9g\u00fcnkre abban, hogy egy puha sz\u00e9l\u0171, ropog\u00f3s alj\u00fa, isteni finom glut\u00e9nmentes pizz\u00e1t s\u00fcss\u00fcnk. <\/strong><\/p>\n\n\n\n<p>Hozz\u00e1val\u00f3k: <\/p>\n\n\n\n<p>2<strong>00g <\/strong>\u00c9l\u00e9skamra veg\u00e1n h\u00e1zi keny\u00e9r lisztkever\u00e9k<\/p>\n\n\n\n<p>7 g sz\u00e1r\u00edtott \u00e9leszt\u0151<\/p>\n\n\n\n<p>390 ml langyos v\u00edz<\/p>\n\n\n\n<p>20 ml frissen facsart citroml\u00e9<\/p>\n\n\n\n<p>20 ml foly\u00e9kony k\u00f3kuszzs\u00edr <\/p>\n\n\n\n<p>A liszt kiv\u00e9tel\u00e9ve minden \u00f6sszetev\u0151t keverj\u00fcnk \u00f6ssze. Amikor az \u00e9leszt\u0151 is felold\u00f3dott, tegy\u00fck hozz\u00e1 a folyad\u00e9khoz a lisztkever\u00e9ket, \u00e9s alaposan dolgozzuk el. <\/p>\n\n\n\n<p>Pihentesd a t\u00e9szt\u00e1t 15 percig, majd szilikon ny\u00fajt\u00f3lapon ny\u00fajtsd ki. <\/p>\n\n\n\n<p>Keleszd 35 percig meleg helyen, \u00edzl\u00e9s szerint tegy\u00e9l r\u00e1 paradicsom sz\u00f3szt, n\u00f6v\u00e9nyi sajtot, vagy amit csak szeretn\u00e9l<\/p>\n\n\n\n<p>S\u00fcsd k\u00e9szre 200 fokra el\u0151meleg\u00edtett s\u00fct\u0151ben als\u00f3-fels\u0151 fokozaton 25 percig.<\/p>\n\n\n\n<p>Fogy\u00f3k\u00far\u00e1z\u00f3k figyelm\u00e9t felh\u00edvjuk, hogy ez a pizza nem sz\u00e9nhidr\u00e1t cs\u00f6kkentett, 200 g lisztben 626 Kcal van, \u00e9s 136,6 g sz\u00e9nhidr\u00e1t, ez\u00e9rt javasoljuk, hogy fogy\u00f3k\u00fara eset\u00e9n csak egy f\u00e9l pizz\u00e1t fogyassz el egy \u00e9tkez\u00e9sre. <\/p>\n","protected":false},"excerpt":{"rendered":"<p>\u00c9letm\u00f3dv\u00e1lt\u00e1s sor\u00e1n 2 dolog biztosan felmer\u00fcl az emberekben. Mi lesz az \u00e9trendemben a keny\u00e9r helyett? Pizza? Pizz\u00e1t akkor m\u00e1r t\u00f6bb\u00e9 nem ehetek? Glut\u00e9nmentes paleo pizza lisztkever\u00e9k\u00fcnk term\u00e9szetesen hatalmas seg\u00edts\u00e9g, de ha szeretsz k\u00eds\u00e9rletezni, vagy hagyom\u00e1nyos \u00edzeket keresel, akkor ezt a pizz\u00e1t mindenk\u00e9ppen pr\u00f3b\u00e1ld ki. \u00c9l\u00e9kamra Veg\u00e1n H\u00e1zi feh\u00e9r keny\u00e9r lisztkever\u00e9k lesz a seg\u00edts\u00e9g\u00fcnkre abban, hogy [&hellip;]<\/p>\n","protected":false},"author":2,"featured_media":15414176,"comment_status":"open","ping_status":"open","sticky":false,"template":"","format":"standard","meta":{"footnotes":""},"categories":[72,73,77,11],"tags":[346,348,347],"maradek_termekek":[350],"class_list":["post-15414175","post","type-post","status-publish","format-standard","has-post-thumbnail","hentry","category-cukormentes","category-tej-mentes","category-tojas-mentes","category-vegan","tag-pizza","tag-vegan-hazi-kenyer","tag-vegan-pizza","maradek_termekek-vegan-hazi-feher-kenyer-lisztkeverek"],"yoast_head":"<!-- This site is optimized with the Yoast SEO plugin v20.5 - https:\/\/yoast.com\/wordpress\/plugins\/seo\/ -->\n<title>T\u00f6k\u00e9letes Veg\u00e1n Pizza nem csak veg\u00e1noknak - \u00c9l\u00e9skamra Blog<\/title>\n<meta name=\"robots\" content=\"index, follow, max-snippet:-1, max-image-preview:large, max-video-preview:-1\" \/>\n<link rel=\"canonical\" href=\"https:\/\/eleskamralisztek.hu\/?p=15414175\" \/>\n<meta property=\"og:locale\" content=\"hu_HU\" \/>\n<meta property=\"og:type\" content=\"article\" \/>\n<meta property=\"og:title\" content=\"T\u00f6k\u00e9letes Veg\u00e1n Pizza nem csak veg\u00e1noknak - \u00c9l\u00e9skamra Blog\" \/>\n<meta property=\"og:description\" content=\"\u00c9letm\u00f3dv\u00e1lt\u00e1s sor\u00e1n 2 dolog biztosan felmer\u00fcl az emberekben. Mi lesz az \u00e9trendemben a keny\u00e9r helyett? Pizza? Pizz\u00e1t akkor m\u00e1r t\u00f6bb\u00e9 nem ehetek? Glut\u00e9nmentes paleo pizza lisztkever\u00e9k\u00fcnk term\u00e9szetesen hatalmas seg\u00edts\u00e9g, de ha szeretsz k\u00eds\u00e9rletezni, vagy hagyom\u00e1nyos \u00edzeket keresel, akkor ezt a pizz\u00e1t mindenk\u00e9ppen pr\u00f3b\u00e1ld ki. \u00c9l\u00e9kamra Veg\u00e1n H\u00e1zi feh\u00e9r keny\u00e9r lisztkever\u00e9k lesz a seg\u00edts\u00e9g\u00fcnkre abban, hogy [&hellip;]\" \/>\n<meta property=\"og:url\" content=\"https:\/\/eleskamralisztek.hu\/?p=15414175\" \/>\n<meta property=\"og:site_name\" content=\"\u00c9l\u00e9skamra Blog\" \/>\n<meta property=\"article:published_time\" content=\"2022-08-21T09:43:20+00:00\" \/>\n<meta property=\"article:modified_time\" content=\"2022-08-25T06:13:53+00:00\" \/>\n<meta property=\"og:image\" content=\"https:\/\/eleskamralisztek.hu\/wp-content\/uploads\/2022\/08\/IMG_20220819_165218-scaled.jpg\" \/>\n\t<meta property=\"og:image:width\" content=\"1920\" \/>\n\t<meta property=\"og:image:height\" content=\"2560\" \/>\n\t<meta property=\"og:image:type\" content=\"image\/jpeg\" \/>\n<meta name=\"author\" content=\"eva\" \/>\n<meta name=\"twitter:card\" content=\"summary_large_image\" \/>\n<meta name=\"twitter:label1\" content=\"Szerz\u0151:\" \/>\n\t<meta name=\"twitter:data1\" content=\"eva\" \/>\n\t<meta name=\"twitter:label2\" content=\"Becs\u00fclt olvas\u00e1si id\u0151\" \/>\n\t<meta name=\"twitter:data2\" content=\"1 perc\" \/>\n<script type=\"application\/ld+json\" class=\"yoast-schema-graph\">{\"@context\":\"https:\/\/schema.org\",\"@graph\":[{\"@type\":\"Article\",\"@id\":\"https:\/\/eleskamralisztek.hu\/?p=15414175#article\",\"isPartOf\":{\"@id\":\"https:\/\/eleskamralisztek.hu\/?p=15414175\"},\"author\":{\"name\":\"eva\",\"@id\":\"https:\/\/eleskamralisztek.hu\/#\/schema\/person\/5444d8c82f9679b2485b08f51a6fa26b\"},\"headline\":\"T\u00f6k\u00e9letes Veg\u00e1n Pizza nem csak veg\u00e1noknak\",\"datePublished\":\"2022-08-21T09:43:20+00:00\",\"dateModified\":\"2022-08-25T06:13:53+00:00\",\"mainEntityOfPage\":{\"@id\":\"https:\/\/eleskamralisztek.hu\/?p=15414175\"},\"wordCount\":273,\"commentCount\":0,\"publisher\":{\"@id\":\"https:\/\/eleskamralisztek.hu\/#organization\"},\"keywords\":[\"pizza\",\"veg\u00e1n h\u00e1zi keny\u00e9r\",\"veg\u00e1n pizza\"],\"articleSection\":[\"Cukormentes\",\"Tej mentes\",\"Toj\u00e1s mentes\",\"Vegan\"],\"inLanguage\":\"hu\",\"potentialAction\":[{\"@type\":\"CommentAction\",\"name\":\"Comment\",\"target\":[\"https:\/\/eleskamralisztek.hu\/?p=15414175#respond\"]}]},{\"@type\":\"WebPage\",\"@id\":\"https:\/\/eleskamralisztek.hu\/?p=15414175\",\"url\":\"https:\/\/eleskamralisztek.hu\/?p=15414175\",\"name\":\"T\u00f6k\u00e9letes Veg\u00e1n Pizza nem csak veg\u00e1noknak - \u00c9l\u00e9skamra Blog\",\"isPartOf\":{\"@id\":\"https:\/\/eleskamralisztek.hu\/#website\"},\"datePublished\":\"2022-08-21T09:43:20+00:00\",\"dateModified\":\"2022-08-25T06:13:53+00:00\",\"breadcrumb\":{\"@id\":\"https:\/\/eleskamralisztek.hu\/?p=15414175#breadcrumb\"},\"inLanguage\":\"hu\",\"potentialAction\":[{\"@type\":\"ReadAction\",\"target\":[\"https:\/\/eleskamralisztek.hu\/?p=15414175\"]}]},{\"@type\":\"BreadcrumbList\",\"@id\":\"https:\/\/eleskamralisztek.hu\/?p=15414175#breadcrumb\",\"itemListElement\":[{\"@type\":\"ListItem\",\"position\":1,\"name\":\"Kezd\u0151lap\",\"item\":\"https:\/\/eleskamralisztek.hu\/\"},{\"@type\":\"ListItem\",\"position\":2,\"name\":\"T\u00f6k\u00e9letes Veg\u00e1n Pizza nem csak veg\u00e1noknak\"}]},{\"@type\":\"WebSite\",\"@id\":\"https:\/\/eleskamralisztek.hu\/#website\",\"url\":\"https:\/\/eleskamralisztek.hu\/\",\"name\":\"\u00c9l\u00e9skamra Receptek Blogja\",\"description\":\"Mentes receptek Neked\",\"publisher\":{\"@id\":\"https:\/\/eleskamralisztek.hu\/#organization\"},\"potentialAction\":[{\"@type\":\"SearchAction\",\"target\":{\"@type\":\"EntryPoint\",\"urlTemplate\":\"https:\/\/eleskamralisztek.hu\/?s={search_term_string}\"},\"query-input\":\"required name=search_term_string\"}],\"inLanguage\":\"hu\"},{\"@type\":\"Organization\",\"@id\":\"https:\/\/eleskamralisztek.hu\/#organization\",\"name\":\"\u00c9l\u00e9skamra - glut\u00e9nmentes lisztek\",\"url\":\"https:\/\/eleskamralisztek.hu\/\",\"logo\":{\"@type\":\"ImageObject\",\"inLanguage\":\"hu\",\"@id\":\"https:\/\/eleskamralisztek.hu\/#\/schema\/logo\/image\/\",\"url\":\"https:\/\/eleskamralisztek.hu\/wp-content\/uploads\/2022\/06\/eleskamraujlogo.png\",\"contentUrl\":\"https:\/\/eleskamralisztek.hu\/wp-content\/uploads\/2022\/06\/eleskamraujlogo.png\",\"width\":4724,\"height\":1417,\"caption\":\"\u00c9l\u00e9skamra - glut\u00e9nmentes lisztek\"},\"image\":{\"@id\":\"https:\/\/eleskamralisztek.hu\/#\/schema\/logo\/image\/\"}},{\"@type\":\"Person\",\"@id\":\"https:\/\/eleskamralisztek.hu\/#\/schema\/person\/5444d8c82f9679b2485b08f51a6fa26b\",\"name\":\"eva\",\"image\":{\"@type\":\"ImageObject\",\"inLanguage\":\"hu\",\"@id\":\"https:\/\/eleskamralisztek.hu\/#\/schema\/person\/image\/\",\"url\":\"https:\/\/secure.gravatar.com\/avatar\/c9427e4403b37e197eae11a035dddaf6?s=96&d=mm&r=g\",\"contentUrl\":\"https:\/\/secure.gravatar.com\/avatar\/c9427e4403b37e197eae11a035dddaf6?s=96&d=mm&r=g\",\"caption\":\"eva\"},\"url\":\"https:\/\/eleskamralisztek.hu\/?author=2\"}]}<\/script>\n<!-- \/ Yoast SEO plugin. -->","yoast_head_json":{"title":"T\u00f6k\u00e9letes Veg\u00e1n Pizza nem csak veg\u00e1noknak - \u00c9l\u00e9skamra Blog","robots":{"index":"index","follow":"follow","max-snippet":"max-snippet:-1","max-image-preview":"max-image-preview:large","max-video-preview":"max-video-preview:-1"},"canonical":"https:\/\/eleskamralisztek.hu\/?p=15414175","og_locale":"hu_HU","og_type":"article","og_title":"T\u00f6k\u00e9letes Veg\u00e1n Pizza nem csak veg\u00e1noknak - \u00c9l\u00e9skamra Blog","og_description":"\u00c9letm\u00f3dv\u00e1lt\u00e1s sor\u00e1n 2 dolog biztosan felmer\u00fcl az emberekben. Mi lesz az \u00e9trendemben a keny\u00e9r helyett? Pizza? Pizz\u00e1t akkor m\u00e1r t\u00f6bb\u00e9 nem ehetek? Glut\u00e9nmentes paleo pizza lisztkever\u00e9k\u00fcnk term\u00e9szetesen hatalmas seg\u00edts\u00e9g, de ha szeretsz k\u00eds\u00e9rletezni, vagy hagyom\u00e1nyos \u00edzeket keresel, akkor ezt a pizz\u00e1t mindenk\u00e9ppen pr\u00f3b\u00e1ld ki. \u00c9l\u00e9kamra Veg\u00e1n H\u00e1zi feh\u00e9r keny\u00e9r lisztkever\u00e9k lesz a seg\u00edts\u00e9g\u00fcnkre abban, hogy [&hellip;]","og_url":"https:\/\/eleskamralisztek.hu\/?p=15414175","og_site_name":"\u00c9l\u00e9skamra Blog","article_published_time":"2022-08-21T09:43:20+00:00","article_modified_time":"2022-08-25T06:13:53+00:00","og_image":[{"width":1920,"height":2560,"url":"https:\/\/eleskamralisztek.hu\/wp-content\/uploads\/2022\/08\/IMG_20220819_165218-scaled.jpg","type":"image\/jpeg"}],"author":"eva","twitter_card":"summary_large_image","twitter_misc":{"Szerz\u0151:":"eva","Becs\u00fclt olvas\u00e1si id\u0151":"1 perc"},"schema":{"@context":"https:\/\/schema.org","@graph":[{"@type":"Article","@id":"https:\/\/eleskamralisztek.hu\/?p=15414175#article","isPartOf":{"@id":"https:\/\/eleskamralisztek.hu\/?p=15414175"},"author":{"name":"eva","@id":"https:\/\/eleskamralisztek.hu\/#\/schema\/person\/5444d8c82f9679b2485b08f51a6fa26b"},"headline":"T\u00f6k\u00e9letes Veg\u00e1n Pizza nem csak veg\u00e1noknak","datePublished":"2022-08-21T09:43:20+00:00","dateModified":"2022-08-25T06:13:53+00:00","mainEntityOfPage":{"@id":"https:\/\/eleskamralisztek.hu\/?p=15414175"},"wordCount":273,"commentCount":0,"publisher":{"@id":"https:\/\/eleskamralisztek.hu\/#organization"},"keywords":["pizza","veg\u00e1n h\u00e1zi keny\u00e9r","veg\u00e1n pizza"],"articleSection":["Cukormentes","Tej mentes","Toj\u00e1s mentes","Vegan"],"inLanguage":"hu","potentialAction":[{"@type":"CommentAction","name":"Comment","target":["https:\/\/eleskamralisztek.hu\/?p=15414175#respond"]}]},{"@type":"WebPage","@id":"https:\/\/eleskamralisztek.hu\/?p=15414175","url":"https:\/\/eleskamralisztek.hu\/?p=15414175","name":"T\u00f6k\u00e9letes Veg\u00e1n Pizza nem csak veg\u00e1noknak - \u00c9l\u00e9skamra Blog","isPartOf":{"@id":"https:\/\/eleskamralisztek.hu\/#website"},"datePublished":"2022-08-21T09:43:20+00:00","dateModified":"2022-08-25T06:13:53+00:00","breadcrumb":{"@id":"https:\/\/eleskamralisztek.hu\/?p=15414175#breadcrumb"},"inLanguage":"hu","potentialAction":[{"@type":"ReadAction","target":["https:\/\/eleskamralisztek.hu\/?p=15414175"]}]},{"@type":"BreadcrumbList","@id":"https:\/\/eleskamralisztek.hu\/?p=15414175#breadcrumb","itemListElement":[{"@type":"ListItem","position":1,"name":"Kezd\u0151lap","item":"https:\/\/eleskamralisztek.hu\/"},{"@type":"ListItem","position":2,"name":"T\u00f6k\u00e9letes Veg\u00e1n Pizza nem csak veg\u00e1noknak"}]},{"@type":"WebSite","@id":"https:\/\/eleskamralisztek.hu\/#website","url":"https:\/\/eleskamralisztek.hu\/","name":"\u00c9l\u00e9skamra Receptek Blogja","description":"Mentes receptek Neked","publisher":{"@id":"https:\/\/eleskamralisztek.hu\/#organization"},"potentialAction":[{"@type":"SearchAction","target":{"@type":"EntryPoint","urlTemplate":"https:\/\/eleskamralisztek.hu\/?s={search_term_string}"},"query-input":"required name=search_term_string"}],"inLanguage":"hu"},{"@type":"Organization","@id":"https:\/\/eleskamralisztek.hu\/#organization","name":"\u00c9l\u00e9skamra - glut\u00e9nmentes lisztek","url":"https:\/\/eleskamralisztek.hu\/","logo":{"@type":"ImageObject","inLanguage":"hu","@id":"https:\/\/eleskamralisztek.hu\/#\/schema\/logo\/image\/","url":"https:\/\/eleskamralisztek.hu\/wp-content\/uploads\/2022\/06\/eleskamraujlogo.png","contentUrl":"https:\/\/eleskamralisztek.hu\/wp-content\/uploads\/2022\/06\/eleskamraujlogo.png","width":4724,"height":1417,"caption":"\u00c9l\u00e9skamra - glut\u00e9nmentes lisztek"},"image":{"@id":"https:\/\/eleskamralisztek.hu\/#\/schema\/logo\/image\/"}},{"@type":"Person","@id":"https:\/\/eleskamralisztek.hu\/#\/schema\/person\/5444d8c82f9679b2485b08f51a6fa26b","name":"eva","image":{"@type":"ImageObject","inLanguage":"hu","@id":"https:\/\/eleskamralisztek.hu\/#\/schema\/person\/image\/","url":"https:\/\/secure.gravatar.com\/avatar\/c9427e4403b37e197eae11a035dddaf6?s=96&d=mm&r=g","contentUrl":"https:\/\/secure.gravatar.com\/avatar\/c9427e4403b37e197eae11a035dddaf6?s=96&d=mm&r=g","caption":"eva"},"url":"https:\/\/eleskamralisztek.hu\/?author=2"}]}},"_links":{"self":[{"href":"https:\/\/eleskamralisztek.hu\/index.php?rest_route=\/wp\/v2\/posts\/15414175","targetHints":{"allow":["GET"]}}],"collection":[{"href":"https:\/\/eleskamralisztek.hu\/index.php?rest_route=\/wp\/v2\/posts"}],"about":[{"href":"https:\/\/eleskamralisztek.hu\/index.php?rest_route=\/wp\/v2\/types\/post"}],"author":[{"embeddable":true,"href":"https:\/\/eleskamralisztek.hu\/index.php?rest_route=\/wp\/v2\/users\/2"}],"replies":[{"embeddable":true,"href":"https:\/\/eleskamralisztek.hu\/index.php?rest_route=%2Fwp%2Fv2%2Fcomments&post=15414175"}],"version-history":[{"count":1,"href":"https:\/\/eleskamralisztek.hu\/index.php?rest_route=\/wp\/v2\/posts\/15414175\/revisions"}],"predecessor-version":[{"id":15414177,"href":"https:\/\/eleskamralisztek.hu\/index.php?rest_route=\/wp\/v2\/posts\/15414175\/revisions\/15414177"}],"wp:featuredmedia":[{"embeddable":true,"href":"https:\/\/eleskamralisztek.hu\/index.php?rest_route=\/wp\/v2\/media\/15414176"}],"wp:attachment":[{"href":"https:\/\/eleskamralisztek.hu\/index.php?rest_route=%2Fwp%2Fv2%2Fmedia&parent=15414175"}],"wp:term":[{"taxonomy":"category","embeddable":true,"href":"https:\/\/eleskamralisztek.hu\/index.php?rest_route=%2Fwp%2Fv2%2Fcategories&post=15414175"},{"taxonomy":"post_tag","embeddable":true,"href":"https:\/\/eleskamralisztek.hu\/index.php?rest_route=%2Fwp%2Fv2%2Ftags&post=15414175"},{"taxonomy":"maradek_termekek","embeddable":true,"href":"https:\/\/eleskamralisztek.hu\/index.php?rest_route=%2Fwp%2Fv2%2Fmaradek_termekek&post=15414175"}],"curies":[{"name":"wp","href":"https:\/\/api.w.org\/{rel}","templated":true}]}}