{"id":15415332,"date":"2023-02-17T15:57:03","date_gmt":"2023-02-17T15:57:03","guid":{"rendered":"https:\/\/eleskamralisztek.hu\/?p=15415332"},"modified":"2023-02-17T15:57:03","modified_gmt":"2023-02-17T15:57:03","slug":"kinder-bueno-torta-szelet","status":"publish","type":"post","link":"https:\/\/eleskamralisztek.hu\/?p=15415332","title":{"rendered":"Kinder Bueno torta szelet"},"content":{"rendered":"\n<p>Tej-,toj\u00e1s-,glut\u00e9n-,cukormentes<\/p>\n\n\n\n<p>Ki ne szeretn\u00e9 a Kinder Bueno-t? V\u00e9gre meg\u00e9rkezett a mentes recept hozz\u00e1, pr\u00f3b\u00e1ld ki Te is!<\/p>\n\n\n\n<p>Hozz\u00e1val\u00f3k (18 cm-es torta form\u00e1hoz):<\/p>\n\n\n\n<p>Keksz alap:<\/p>\n\n\n\n<p>100 g <a href=\"https:\/\/glutenmenteslisztek.hu\/Eleskamra-vegan-palacsinta-keksz-lisztkeverek-glutenmentes\">\u00c9l\u00e9skamra veg\u00e1n palacsinta \u00e9s keksz lisztkever\u00e9k<\/a> + 5-6 g a ny\u00fajt\u00e1shoz<\/p>\n\n\n\n<p>90 g s\u00fct\u0151margarin\u00a0<\/p>\n\n\n\n<p>50 g eritrit<\/p>\n\n\n\n<p>Kr\u00e9m:<\/p>\n\n\n\n<p>2 csomag <a href=\"https:\/\/glutenmenteslisztek.hu\/Eleskamra-Bourbon-vanilias-krem-puding-es-tortakre\">\u00c9l\u00e9skamra van\u00edlia puding<\/a><\/p>\n\n\n\n<p>550 ml cukormentes k\u00f3kusztej<\/p>\n\n\n\n<p>1 db van\u00edlia r\u00fad kikapart magja<\/p>\n\n\n\n<p>1 kk.van\u00edlia aroma<\/p>\n\n\n\n<p>15 g zselatin 50 ml v\u00edzzel kikeverve<\/p>\n\n\n\n<p>100 ml n\u00f6v\u00e9nyi habtejsz\u00edn<\/p>\n\n\n\n<p>Csokis r\u00e9teg:<\/p>\n\n\n\n<p>1\/2 van\u00edli\u00e1s alap&nbsp;<\/p>\n\n\n\n<p>1 kk.zs\u00edrszeg\u00e9ny kaka\u00f3por<\/p>\n\n\n\n<p>2 ek.mogyor\u00f3vaj<\/p>\n\n\n\n<p>1 ek.cukormentes k\u00f3kusztej<\/p>\n\n\n\n<p>Tetej\u00e9re:<\/p>\n\n\n\n<p>60 g \u00e9tcsoki<\/p>\n\n\n\n<p>40 g n\u00f6v\u00e9nyi tejsz\u00edn<\/p>\n\n\n\n<p>\u00edzl\u00e9s szerint foly\u00e9kony \u00e9des\u00edt\u0151szer (6-8 g)<\/p>\n\n\n\n<p>A lisztet elkeverj\u00fck az eritrittel, majd a margarint hozz\u00e1 morzsoljuk, \u00e9s sz\u00e9pen eldolgozzuk. Ahogy elv\u00e1lik a t\u00e9szta az ed\u00e9ny fal\u00e1r\u00f3l f\u00f3li\u00e1ba csomagolva 15 percre a h\u0171t\u0151be helyezz\u00fck. Lisztezett fel\u00fcleten kiny\u00fajtjuk (a torta forma m\u00e9ret\u00e9re), majd megsz\u00fark\u00e1ljuk. 180 fokos s\u00fct\u0151ben 25 percet s\u00fctj\u00fck. Ha megs\u00fclt hagyjuk teljesen kih\u0171lni.<\/p>\n\n\n\n<p>A van\u00edlia pudingot az \u00e9des\u00edt\u0151szerrel, van\u00edlia arom\u00e1kkal s\u0171r\u0171 \u00e1llag\u00fara f\u0151zz\u00fck, majd hagyjuk kih\u0171lni. A habtejsz\u00ednt felverj\u00fck, hozz\u00e1 \u00f6ntj\u00fck a zselatint, majd sz\u00e9pen eldolgozzuk. A m\u00e1r kih\u0171lt pudinghoz keverj\u00fck. Ezut\u00e1n a pudingot kett\u00e9 osztjuk. A mogyor\u00f3kr\u00e9met a holland kaka\u00f3porral, valamint a k\u00f3kusztejjel kikeverj\u00fck. Ezt az egyik van\u00edli\u00e1s kr\u00e9mhez dolgozzuk. Ha sz\u00fcks\u00e9ges ut\u00f3 \u00edzes\u00edtj\u00fck. Mehet az alap tetej\u00e9re a van\u00edli\u00e1s kr\u00e9m. F\u00e9l \u00f3r\u00e1t a h\u0171t\u0151ben hagyjuk dermedni, majd mehet r\u00e1 a csokis kr\u00e9m. 2 \u00f3ra h\u0171t\u0151ben val\u00f3 pihentet\u00e9s ut\u00e1n le\u00f6ntj\u00fck \u00e9tcsokival \/ az \u00e9tcsokit a kr\u00e9m hozz\u00e1ad\u00e1s\u00e1val v\u00edzg\u0151z felett megolvasztjuk\/. Ezt hagyjuk r\u00e1 dermedni. Legjobb m\u00e1snap, de p\u00e1r \u00f3ra eltelt\u00e9vel m\u00e1r aznap is fogyaszthat\u00f3.<\/p>\n\n\n\n<p>J\u00f3 \u00e9tv\u00e1gyat!<\/p>\n","protected":false},"excerpt":{"rendered":"<p>Tej-,toj\u00e1s-,glut\u00e9n-,cukormentes Ki ne szeretn\u00e9 a Kinder Bueno-t? V\u00e9gre meg\u00e9rkezett a mentes recept hozz\u00e1, pr\u00f3b\u00e1ld ki Te is! Hozz\u00e1val\u00f3k (18 cm-es torta form\u00e1hoz): Keksz alap: 100 g \u00c9l\u00e9skamra veg\u00e1n palacsinta \u00e9s keksz lisztkever\u00e9k + 5-6 g a ny\u00fajt\u00e1shoz 90 g s\u00fct\u0151margarin\u00a0 50 g eritrit Kr\u00e9m: 2 csomag \u00c9l\u00e9skamra van\u00edlia puding 550 ml cukormentes k\u00f3kusztej 1 db [&hellip;]<\/p>\n","protected":false},"author":4,"featured_media":15415333,"comment_status":"open","ping_status":"open","sticky":false,"template":"","format":"standard","meta":{"footnotes":""},"categories":[72,76,78,73,77,11],"tags":[306,382,298],"maradek_termekek":[349,354],"class_list":["post-15415332","post","type-post","status-publish","format-standard","has-post-thumbnail","hentry","category-cukormentes","category-eleszto-mentes","category-paleo","category-tej-mentes","category-tojas-mentes","category-vegan","tag-desszert","tag-edes","tag-torta","maradek_termekek-vegan-bourbon-vanilias-krempuding-es-tortakrem-alappor","maradek_termekek-vegan-palacsinta-es-keksz-lisztkeverek"],"yoast_head":"<!-- This site is optimized with the Yoast SEO plugin v20.5 - https:\/\/yoast.com\/wordpress\/plugins\/seo\/ -->\n<title>Kinder Bueno torta szelet - \u00c9l\u00e9skamra Blog<\/title>\n<meta name=\"robots\" content=\"index, follow, max-snippet:-1, max-image-preview:large, max-video-preview:-1\" \/>\n<link rel=\"canonical\" href=\"https:\/\/eleskamralisztek.hu\/?p=15415332\" \/>\n<meta property=\"og:locale\" content=\"hu_HU\" \/>\n<meta property=\"og:type\" content=\"article\" \/>\n<meta property=\"og:title\" content=\"Kinder Bueno torta szelet - \u00c9l\u00e9skamra Blog\" \/>\n<meta property=\"og:description\" content=\"Tej-,toj\u00e1s-,glut\u00e9n-,cukormentes Ki ne szeretn\u00e9 a Kinder Bueno-t? V\u00e9gre meg\u00e9rkezett a mentes recept hozz\u00e1, pr\u00f3b\u00e1ld ki Te is! Hozz\u00e1val\u00f3k (18 cm-es torta form\u00e1hoz): Keksz alap: 100 g \u00c9l\u00e9skamra veg\u00e1n palacsinta \u00e9s keksz lisztkever\u00e9k + 5-6 g a ny\u00fajt\u00e1shoz 90 g s\u00fct\u0151margarin\u00a0 50 g eritrit Kr\u00e9m: 2 csomag \u00c9l\u00e9skamra van\u00edlia puding 550 ml cukormentes k\u00f3kusztej 1 db [&hellip;]\" \/>\n<meta property=\"og:url\" content=\"https:\/\/eleskamralisztek.hu\/?p=15415332\" \/>\n<meta property=\"og:site_name\" content=\"\u00c9l\u00e9skamra Blog\" \/>\n<meta property=\"article:published_time\" content=\"2023-02-17T15:57:03+00:00\" \/>\n<meta property=\"og:image\" content=\"https:\/\/eleskamralisztek.hu\/wp-content\/uploads\/2023\/02\/kinder-bueno-tortaszelet-scaled.jpg\" \/>\n\t<meta property=\"og:image:width\" content=\"1920\" \/>\n\t<meta property=\"og:image:height\" content=\"2560\" \/>\n\t<meta property=\"og:image:type\" content=\"image\/jpeg\" \/>\n<meta name=\"author\" content=\"kitti\" \/>\n<meta name=\"twitter:card\" content=\"summary_large_image\" \/>\n<meta name=\"twitter:label1\" content=\"Szerz\u0151:\" \/>\n\t<meta name=\"twitter:data1\" content=\"kitti\" \/>\n\t<meta name=\"twitter:label2\" content=\"Becs\u00fclt olvas\u00e1si id\u0151\" \/>\n\t<meta name=\"twitter:data2\" content=\"2 perc\" \/>\n<script type=\"application\/ld+json\" class=\"yoast-schema-graph\">{\"@context\":\"https:\/\/schema.org\",\"@graph\":[{\"@type\":\"Article\",\"@id\":\"https:\/\/eleskamralisztek.hu\/?p=15415332#article\",\"isPartOf\":{\"@id\":\"https:\/\/eleskamralisztek.hu\/?p=15415332\"},\"author\":{\"name\":\"kitti\",\"@id\":\"https:\/\/eleskamralisztek.hu\/#\/schema\/person\/8aa9a952b67bd7254fd6a867c6b29ff8\"},\"headline\":\"Kinder Bueno torta szelet\",\"datePublished\":\"2023-02-17T15:57:03+00:00\",\"dateModified\":\"2023-02-17T15:57:03+00:00\",\"mainEntityOfPage\":{\"@id\":\"https:\/\/eleskamralisztek.hu\/?p=15415332\"},\"wordCount\":363,\"commentCount\":0,\"publisher\":{\"@id\":\"https:\/\/eleskamralisztek.hu\/#organization\"},\"keywords\":[\"desszert\",\"\u00e9des\",\"torta\"],\"articleSection\":[\"Cukormentes\",\"\u00c9leszt\u0151 mentes\",\"Paleo\",\"Tej mentes\",\"Toj\u00e1s mentes\",\"Vegan\"],\"inLanguage\":\"hu\",\"potentialAction\":[{\"@type\":\"CommentAction\",\"name\":\"Comment\",\"target\":[\"https:\/\/eleskamralisztek.hu\/?p=15415332#respond\"]}]},{\"@type\":\"WebPage\",\"@id\":\"https:\/\/eleskamralisztek.hu\/?p=15415332\",\"url\":\"https:\/\/eleskamralisztek.hu\/?p=15415332\",\"name\":\"Kinder Bueno torta szelet - \u00c9l\u00e9skamra Blog\",\"isPartOf\":{\"@id\":\"https:\/\/eleskamralisztek.hu\/#website\"},\"datePublished\":\"2023-02-17T15:57:03+00:00\",\"dateModified\":\"2023-02-17T15:57:03+00:00\",\"breadcrumb\":{\"@id\":\"https:\/\/eleskamralisztek.hu\/?p=15415332#breadcrumb\"},\"inLanguage\":\"hu\",\"potentialAction\":[{\"@type\":\"ReadAction\",\"target\":[\"https:\/\/eleskamralisztek.hu\/?p=15415332\"]}]},{\"@type\":\"BreadcrumbList\",\"@id\":\"https:\/\/eleskamralisztek.hu\/?p=15415332#breadcrumb\",\"itemListElement\":[{\"@type\":\"ListItem\",\"position\":1,\"name\":\"Kezd\u0151lap\",\"item\":\"https:\/\/eleskamralisztek.hu\/\"},{\"@type\":\"ListItem\",\"position\":2,\"name\":\"Kinder Bueno torta szelet\"}]},{\"@type\":\"WebSite\",\"@id\":\"https:\/\/eleskamralisztek.hu\/#website\",\"url\":\"https:\/\/eleskamralisztek.hu\/\",\"name\":\"\u00c9l\u00e9skamra Receptek Blogja\",\"description\":\"Mentes receptek Neked\",\"publisher\":{\"@id\":\"https:\/\/eleskamralisztek.hu\/#organization\"},\"potentialAction\":[{\"@type\":\"SearchAction\",\"target\":{\"@type\":\"EntryPoint\",\"urlTemplate\":\"https:\/\/eleskamralisztek.hu\/?s={search_term_string}\"},\"query-input\":\"required name=search_term_string\"}],\"inLanguage\":\"hu\"},{\"@type\":\"Organization\",\"@id\":\"https:\/\/eleskamralisztek.hu\/#organization\",\"name\":\"\u00c9l\u00e9skamra - glut\u00e9nmentes lisztek\",\"url\":\"https:\/\/eleskamralisztek.hu\/\",\"logo\":{\"@type\":\"ImageObject\",\"inLanguage\":\"hu\",\"@id\":\"https:\/\/eleskamralisztek.hu\/#\/schema\/logo\/image\/\",\"url\":\"https:\/\/eleskamralisztek.hu\/wp-content\/uploads\/2022\/06\/eleskamraujlogo.png\",\"contentUrl\":\"https:\/\/eleskamralisztek.hu\/wp-content\/uploads\/2022\/06\/eleskamraujlogo.png\",\"width\":4724,\"height\":1417,\"caption\":\"\u00c9l\u00e9skamra - glut\u00e9nmentes lisztek\"},\"image\":{\"@id\":\"https:\/\/eleskamralisztek.hu\/#\/schema\/logo\/image\/\"}},{\"@type\":\"Person\",\"@id\":\"https:\/\/eleskamralisztek.hu\/#\/schema\/person\/8aa9a952b67bd7254fd6a867c6b29ff8\",\"name\":\"kitti\",\"image\":{\"@type\":\"ImageObject\",\"inLanguage\":\"hu\",\"@id\":\"https:\/\/eleskamralisztek.hu\/#\/schema\/person\/image\/\",\"url\":\"https:\/\/secure.gravatar.com\/avatar\/370331ea129cba3498a753458b1eb3d3?s=96&d=mm&r=g\",\"contentUrl\":\"https:\/\/secure.gravatar.com\/avatar\/370331ea129cba3498a753458b1eb3d3?s=96&d=mm&r=g\",\"caption\":\"kitti\"},\"url\":\"https:\/\/eleskamralisztek.hu\/?author=4\"}]}<\/script>\n<!-- \/ Yoast SEO plugin. -->","yoast_head_json":{"title":"Kinder Bueno torta szelet - \u00c9l\u00e9skamra Blog","robots":{"index":"index","follow":"follow","max-snippet":"max-snippet:-1","max-image-preview":"max-image-preview:large","max-video-preview":"max-video-preview:-1"},"canonical":"https:\/\/eleskamralisztek.hu\/?p=15415332","og_locale":"hu_HU","og_type":"article","og_title":"Kinder Bueno torta szelet - \u00c9l\u00e9skamra Blog","og_description":"Tej-,toj\u00e1s-,glut\u00e9n-,cukormentes Ki ne szeretn\u00e9 a Kinder Bueno-t? V\u00e9gre meg\u00e9rkezett a mentes recept hozz\u00e1, pr\u00f3b\u00e1ld ki Te is! Hozz\u00e1val\u00f3k (18 cm-es torta form\u00e1hoz): Keksz alap: 100 g \u00c9l\u00e9skamra veg\u00e1n palacsinta \u00e9s keksz lisztkever\u00e9k + 5-6 g a ny\u00fajt\u00e1shoz 90 g s\u00fct\u0151margarin\u00a0 50 g eritrit Kr\u00e9m: 2 csomag \u00c9l\u00e9skamra van\u00edlia puding 550 ml cukormentes k\u00f3kusztej 1 db [&hellip;]","og_url":"https:\/\/eleskamralisztek.hu\/?p=15415332","og_site_name":"\u00c9l\u00e9skamra Blog","article_published_time":"2023-02-17T15:57:03+00:00","og_image":[{"width":1920,"height":2560,"url":"https:\/\/eleskamralisztek.hu\/wp-content\/uploads\/2023\/02\/kinder-bueno-tortaszelet-scaled.jpg","type":"image\/jpeg"}],"author":"kitti","twitter_card":"summary_large_image","twitter_misc":{"Szerz\u0151:":"kitti","Becs\u00fclt olvas\u00e1si id\u0151":"2 perc"},"schema":{"@context":"https:\/\/schema.org","@graph":[{"@type":"Article","@id":"https:\/\/eleskamralisztek.hu\/?p=15415332#article","isPartOf":{"@id":"https:\/\/eleskamralisztek.hu\/?p=15415332"},"author":{"name":"kitti","@id":"https:\/\/eleskamralisztek.hu\/#\/schema\/person\/8aa9a952b67bd7254fd6a867c6b29ff8"},"headline":"Kinder Bueno torta szelet","datePublished":"2023-02-17T15:57:03+00:00","dateModified":"2023-02-17T15:57:03+00:00","mainEntityOfPage":{"@id":"https:\/\/eleskamralisztek.hu\/?p=15415332"},"wordCount":363,"commentCount":0,"publisher":{"@id":"https:\/\/eleskamralisztek.hu\/#organization"},"keywords":["desszert","\u00e9des","torta"],"articleSection":["Cukormentes","\u00c9leszt\u0151 mentes","Paleo","Tej mentes","Toj\u00e1s mentes","Vegan"],"inLanguage":"hu","potentialAction":[{"@type":"CommentAction","name":"Comment","target":["https:\/\/eleskamralisztek.hu\/?p=15415332#respond"]}]},{"@type":"WebPage","@id":"https:\/\/eleskamralisztek.hu\/?p=15415332","url":"https:\/\/eleskamralisztek.hu\/?p=15415332","name":"Kinder Bueno torta szelet - \u00c9l\u00e9skamra Blog","isPartOf":{"@id":"https:\/\/eleskamralisztek.hu\/#website"},"datePublished":"2023-02-17T15:57:03+00:00","dateModified":"2023-02-17T15:57:03+00:00","breadcrumb":{"@id":"https:\/\/eleskamralisztek.hu\/?p=15415332#breadcrumb"},"inLanguage":"hu","potentialAction":[{"@type":"ReadAction","target":["https:\/\/eleskamralisztek.hu\/?p=15415332"]}]},{"@type":"BreadcrumbList","@id":"https:\/\/eleskamralisztek.hu\/?p=15415332#breadcrumb","itemListElement":[{"@type":"ListItem","position":1,"name":"Kezd\u0151lap","item":"https:\/\/eleskamralisztek.hu\/"},{"@type":"ListItem","position":2,"name":"Kinder Bueno torta szelet"}]},{"@type":"WebSite","@id":"https:\/\/eleskamralisztek.hu\/#website","url":"https:\/\/eleskamralisztek.hu\/","name":"\u00c9l\u00e9skamra Receptek Blogja","description":"Mentes receptek Neked","publisher":{"@id":"https:\/\/eleskamralisztek.hu\/#organization"},"potentialAction":[{"@type":"SearchAction","target":{"@type":"EntryPoint","urlTemplate":"https:\/\/eleskamralisztek.hu\/?s={search_term_string}"},"query-input":"required name=search_term_string"}],"inLanguage":"hu"},{"@type":"Organization","@id":"https:\/\/eleskamralisztek.hu\/#organization","name":"\u00c9l\u00e9skamra - glut\u00e9nmentes lisztek","url":"https:\/\/eleskamralisztek.hu\/","logo":{"@type":"ImageObject","inLanguage":"hu","@id":"https:\/\/eleskamralisztek.hu\/#\/schema\/logo\/image\/","url":"https:\/\/eleskamralisztek.hu\/wp-content\/uploads\/2022\/06\/eleskamraujlogo.png","contentUrl":"https:\/\/eleskamralisztek.hu\/wp-content\/uploads\/2022\/06\/eleskamraujlogo.png","width":4724,"height":1417,"caption":"\u00c9l\u00e9skamra - glut\u00e9nmentes lisztek"},"image":{"@id":"https:\/\/eleskamralisztek.hu\/#\/schema\/logo\/image\/"}},{"@type":"Person","@id":"https:\/\/eleskamralisztek.hu\/#\/schema\/person\/8aa9a952b67bd7254fd6a867c6b29ff8","name":"kitti","image":{"@type":"ImageObject","inLanguage":"hu","@id":"https:\/\/eleskamralisztek.hu\/#\/schema\/person\/image\/","url":"https:\/\/secure.gravatar.com\/avatar\/370331ea129cba3498a753458b1eb3d3?s=96&d=mm&r=g","contentUrl":"https:\/\/secure.gravatar.com\/avatar\/370331ea129cba3498a753458b1eb3d3?s=96&d=mm&r=g","caption":"kitti"},"url":"https:\/\/eleskamralisztek.hu\/?author=4"}]}},"_links":{"self":[{"href":"https:\/\/eleskamralisztek.hu\/index.php?rest_route=\/wp\/v2\/posts\/15415332","targetHints":{"allow":["GET"]}}],"collection":[{"href":"https:\/\/eleskamralisztek.hu\/index.php?rest_route=\/wp\/v2\/posts"}],"about":[{"href":"https:\/\/eleskamralisztek.hu\/index.php?rest_route=\/wp\/v2\/types\/post"}],"author":[{"embeddable":true,"href":"https:\/\/eleskamralisztek.hu\/index.php?rest_route=\/wp\/v2\/users\/4"}],"replies":[{"embeddable":true,"href":"https:\/\/eleskamralisztek.hu\/index.php?rest_route=%2Fwp%2Fv2%2Fcomments&post=15415332"}],"version-history":[{"count":1,"href":"https:\/\/eleskamralisztek.hu\/index.php?rest_route=\/wp\/v2\/posts\/15415332\/revisions"}],"predecessor-version":[{"id":15415334,"href":"https:\/\/eleskamralisztek.hu\/index.php?rest_route=\/wp\/v2\/posts\/15415332\/revisions\/15415334"}],"wp:featuredmedia":[{"embeddable":true,"href":"https:\/\/eleskamralisztek.hu\/index.php?rest_route=\/wp\/v2\/media\/15415333"}],"wp:attachment":[{"href":"https:\/\/eleskamralisztek.hu\/index.php?rest_route=%2Fwp%2Fv2%2Fmedia&parent=15415332"}],"wp:term":[{"taxonomy":"category","embeddable":true,"href":"https:\/\/eleskamralisztek.hu\/index.php?rest_route=%2Fwp%2Fv2%2Fcategories&post=15415332"},{"taxonomy":"post_tag","embeddable":true,"href":"https:\/\/eleskamralisztek.hu\/index.php?rest_route=%2Fwp%2Fv2%2Ftags&post=15415332"},{"taxonomy":"maradek_termekek","embeddable":true,"href":"https:\/\/eleskamralisztek.hu\/index.php?rest_route=%2Fwp%2Fv2%2Fmaradek_termekek&post=15415332"}],"curies":[{"name":"wp","href":"https:\/\/api.w.org\/{rel}","templated":true}]}}