{"id":15415434,"date":"2023-10-01T14:18:38","date_gmt":"2023-10-01T14:18:38","guid":{"rendered":"https:\/\/eleskamralisztek.hu\/?p=15415434"},"modified":"2023-10-01T14:18:40","modified_gmt":"2023-10-01T14:18:40","slug":"vegan-pihe-puha-pogacsa-kevesebb-novenyi-margarinnal","status":"publish","type":"post","link":"https:\/\/eleskamralisztek.hu\/?p=15415434","title":{"rendered":"Veg\u00e1n Pihe puha pog\u00e1csa kevesebb n\u00f6v\u00e9nyi margarinnal"},"content":{"rendered":"\n<p>K\u00e9t visszajelz\u00e9st is kaptunk a veg\u00e1n pihe puha pog\u00e1cs\u00e1val kapcsolatban, az egyik szerint a t\u00e9szta t\u00f6redezik, a m\u00e1si szerint pedig tocsog a zs\u00edrbab. <\/p>\n\n\n\n<p>Sz\u00e1momra egy\u00e9bk\u00e9nt ez az egyik legk\u00f6nnyebben kezelhet\u0151 lisztkever\u00e9k, csak \u00f6sszekeverem, pihentetem, \u00e9s k\u00e9sz is, lehet s\u00fctni. <\/p>\n\n\n\n<p>K\u00edv\u00e1ncsi voltam, hogy kevesebb zsirad\u00e9kkal m\u0171k\u00f6dik-e, \u00e9s finom marad-e.<\/p>\n\n\n\n<p>Jelentem, igen, \u00e9s finom is, s\u0151t, kipr\u00f3b\u00e1ltam air fryerben is, \u00e9s t\u00f6k\u00e9letes lett. <\/p>\n\n\n\n<p>Hozz\u00e1val\u00f3k: <\/p>\n\n\n\n<p><a href=\"https:\/\/glutenmenteslisztek.hu\/Eleskamra-Vegan-Pihe-Puha-Pogacsa-lisztkeverek-500\">250 g \u00c9l\u00e9skamra Glut\u00e9nmentes pog\u00e1csa liszt<\/a><\/p>\n\n\n\n<p><a href=\"https:\/\/glutenmenteslisztek.hu\/Eleskamra-Glutenmentes-Instant-Eleszto-50-g\">5 g \u00c9l\u00e9skamra glut\u00e9nmentes por\u00e9leszt\u0151t<\/a><\/p>\n\n\n\n<p>200 ml langyos n\u00f6v\u00e9nyi tej<\/p>\n\n\n\n<p><a href=\"https:\/\/glutenmenteslisztek.hu\/Eleskamra-Bio-Almaecet-05-l\">20 ml \u00c9l\u00e9skamra Almaecet <\/a><\/p>\n\n\n\n<p>75 g szobah\u0151m\u00e9rs\u00e9klet\u0171 puha n\u00f6v\u00e9nyi margarin (lehet k\u00f3kuszzs\u00edr is), <\/p>\n\n\n\n<p>25 n\u00f6v\u00e9nyi tejf\u00f6l<\/p>\n\n\n\n<p>60 g n\u00f6v\u00e9nyi sajt a t\u00e9szt\u00e1ba<\/p>\n\n\n\n<p>Kb. 20 g n\u00f6v\u00e9nyi sajt a tetej\u00e9re<\/p>\n\n\n\n<p><strong>Elk\u00e9sz\u00edt\u00e9s:<\/strong> Keverj \u00f6ssze 250 g pog\u00e1csa lisztet \u00e9s 5 g glut\u00e9nmentes por\u00e9leszt\u0151t. Add hozz\u00e1 a 200 ml langyos n\u00f6v\u00e9nyi tejet, 20 ml friss citromlevet vagy Almaecetet, 75 g szobah\u0151m\u00e9rs\u00e9klet\u0171 puha n\u00f6v\u00e9nyi margarint (lehet k\u00f3kuszzs\u00edr is), 25 n\u00f6v\u00e9nyi tejf\u00f6lt, 60 g n\u00f6v\u00e9nyi sajtot a t\u00e9szt\u00e1ba. Mindezt keverd alaposan \u00f6ssze \u00e9s pihentesd 20 percet hideg helyen, hogy s\u0171r\u0171s\u00f6djen. A k\u00e9sz t\u00e9szt\u00e1t lisztezve ny\u00fajtsd el, kend le olvasztott zsirad\u00e9kkal \u00e9s hajtogasd egym\u00e1sra min\u00e9l t\u00f6bb r\u00e9tegben. Ny\u00fajtsd kb 15-20 mm vastagra a t\u00e9szt\u00e1t, v\u00e1gd r\u00e1csosra a tetej\u00e9t \u00e9s 3 vagy 4 cm-es szaggat\u00f3val v\u00e1gd ki a pog\u00e1cs\u00e1kat. A marad\u00e9k t\u00e9szt\u00e1t gy\u00fard \u00fajra \u00e9s ism\u00e9telj, m\u00edg el nem fogy. A tepsire t\u00e9ve n\u00f6v\u00e9nyi zsirad\u00e9kkal kend le, sz\u00f3rd meg n\u00f6v\u00e9nyi sajttal vagy magokkal. A tepsin keleszd k\u00e9szre 20 percig langyos, meleg helyen. S\u00fcsd k\u00e9szre als\u00f3-fels\u0151 m\u00f3don 190 fokon 20-22 perc alatt.<\/p>\n\n\n\n<p>Air fryerben 180 fokon 20 perc alatt s\u00fcl meg. <\/p>\n\n\n\n<figure class=\"wp-block-image size-full\"><img loading=\"lazy\" decoding=\"async\" width=\"163\" height=\"217\" src=\"https:\/\/eleskamralisztek.hu\/wp-content\/uploads\/2023\/10\/20231001_120151.jpg\" alt=\"\" class=\"wp-image-15415435\"\/><\/figure>\n","protected":false},"excerpt":{"rendered":"<p>K\u00e9t visszajelz\u00e9st is kaptunk a veg\u00e1n pihe puha pog\u00e1cs\u00e1val kapcsolatban, az egyik szerint a t\u00e9szta t\u00f6redezik, a m\u00e1si szerint pedig tocsog a zs\u00edrbab. Sz\u00e1momra egy\u00e9bk\u00e9nt ez az egyik legk\u00f6nnyebben kezelhet\u0151 lisztkever\u00e9k, csak \u00f6sszekeverem, pihentetem, \u00e9s k\u00e9sz is, lehet s\u00fctni. K\u00edv\u00e1ncsi voltam, hogy kevesebb zsirad\u00e9kkal m\u0171k\u00f6dik-e, \u00e9s finom marad-e. Jelentem, igen, \u00e9s finom is, s\u0151t, kipr\u00f3b\u00e1ltam [&hellip;]<\/p>\n","protected":false},"author":2,"featured_media":15415436,"comment_status":"open","ping_status":"open","sticky":false,"template":"","format":"standard","meta":{"footnotes":""},"categories":[72,73,77,11],"tags":[453],"maradek_termekek":[677],"class_list":["post-15415434","post","type-post","status-publish","format-standard","has-post-thumbnail","hentry","category-cukormentes","category-tej-mentes","category-tojas-mentes","category-vegan","tag-pogacsa","maradek_termekek-vegan-pihe-puha-pogacsa-lisztkeverek"],"yoast_head":"<!-- This site is optimized with the Yoast SEO plugin v20.5 - https:\/\/yoast.com\/wordpress\/plugins\/seo\/ -->\n<title>Veg\u00e1n Pihe puha pog\u00e1csa kevesebb n\u00f6v\u00e9nyi margarinnal - \u00c9l\u00e9skamra Blog<\/title>\n<meta name=\"robots\" content=\"index, follow, max-snippet:-1, max-image-preview:large, max-video-preview:-1\" \/>\n<link rel=\"canonical\" href=\"https:\/\/eleskamralisztek.hu\/?p=15415434\" \/>\n<meta property=\"og:locale\" content=\"hu_HU\" \/>\n<meta property=\"og:type\" content=\"article\" \/>\n<meta property=\"og:title\" content=\"Veg\u00e1n Pihe puha pog\u00e1csa kevesebb n\u00f6v\u00e9nyi margarinnal - \u00c9l\u00e9skamra Blog\" \/>\n<meta property=\"og:description\" content=\"K\u00e9t visszajelz\u00e9st is kaptunk a veg\u00e1n pihe puha pog\u00e1cs\u00e1val kapcsolatban, az egyik szerint a t\u00e9szta t\u00f6redezik, a m\u00e1si szerint pedig tocsog a zs\u00edrbab. Sz\u00e1momra egy\u00e9bk\u00e9nt ez az egyik legk\u00f6nnyebben kezelhet\u0151 lisztkever\u00e9k, csak \u00f6sszekeverem, pihentetem, \u00e9s k\u00e9sz is, lehet s\u00fctni. K\u00edv\u00e1ncsi voltam, hogy kevesebb zsirad\u00e9kkal m\u0171k\u00f6dik-e, \u00e9s finom marad-e. Jelentem, igen, \u00e9s finom is, s\u0151t, kipr\u00f3b\u00e1ltam [&hellip;]\" \/>\n<meta property=\"og:url\" content=\"https:\/\/eleskamralisztek.hu\/?p=15415434\" \/>\n<meta property=\"og:site_name\" content=\"\u00c9l\u00e9skamra Blog\" \/>\n<meta property=\"article:published_time\" content=\"2023-10-01T14:18:38+00:00\" \/>\n<meta property=\"article:modified_time\" content=\"2023-10-01T14:18:40+00:00\" \/>\n<meta property=\"og:image\" content=\"https:\/\/eleskamralisztek.hu\/wp-content\/uploads\/2023\/10\/20231001_124550.jpg\" \/>\n\t<meta property=\"og:image:width\" content=\"1114\" \/>\n\t<meta property=\"og:image:height\" content=\"1486\" \/>\n\t<meta property=\"og:image:type\" content=\"image\/jpeg\" \/>\n<meta name=\"author\" content=\"eva\" \/>\n<meta name=\"twitter:card\" content=\"summary_large_image\" \/>\n<meta name=\"twitter:label1\" content=\"Szerz\u0151:\" \/>\n\t<meta name=\"twitter:data1\" content=\"eva\" \/>\n\t<meta name=\"twitter:label2\" content=\"Becs\u00fclt olvas\u00e1si id\u0151\" \/>\n\t<meta name=\"twitter:data2\" content=\"2 perc\" \/>\n<script type=\"application\/ld+json\" class=\"yoast-schema-graph\">{\"@context\":\"https:\/\/schema.org\",\"@graph\":[{\"@type\":\"Article\",\"@id\":\"https:\/\/eleskamralisztek.hu\/?p=15415434#article\",\"isPartOf\":{\"@id\":\"https:\/\/eleskamralisztek.hu\/?p=15415434\"},\"author\":{\"name\":\"eva\",\"@id\":\"https:\/\/eleskamralisztek.hu\/#\/schema\/person\/5444d8c82f9679b2485b08f51a6fa26b\"},\"headline\":\"Veg\u00e1n Pihe puha pog\u00e1csa kevesebb n\u00f6v\u00e9nyi margarinnal\",\"datePublished\":\"2023-10-01T14:18:38+00:00\",\"dateModified\":\"2023-10-01T14:18:40+00:00\",\"mainEntityOfPage\":{\"@id\":\"https:\/\/eleskamralisztek.hu\/?p=15415434\"},\"wordCount\":359,\"commentCount\":0,\"publisher\":{\"@id\":\"https:\/\/eleskamralisztek.hu\/#organization\"},\"keywords\":[\"pog\u00e1csa\"],\"articleSection\":[\"Cukormentes\",\"Tej mentes\",\"Toj\u00e1s mentes\",\"Vegan\"],\"inLanguage\":\"hu\",\"potentialAction\":[{\"@type\":\"CommentAction\",\"name\":\"Comment\",\"target\":[\"https:\/\/eleskamralisztek.hu\/?p=15415434#respond\"]}]},{\"@type\":\"WebPage\",\"@id\":\"https:\/\/eleskamralisztek.hu\/?p=15415434\",\"url\":\"https:\/\/eleskamralisztek.hu\/?p=15415434\",\"name\":\"Veg\u00e1n Pihe puha pog\u00e1csa kevesebb n\u00f6v\u00e9nyi margarinnal - \u00c9l\u00e9skamra Blog\",\"isPartOf\":{\"@id\":\"https:\/\/eleskamralisztek.hu\/#website\"},\"datePublished\":\"2023-10-01T14:18:38+00:00\",\"dateModified\":\"2023-10-01T14:18:40+00:00\",\"breadcrumb\":{\"@id\":\"https:\/\/eleskamralisztek.hu\/?p=15415434#breadcrumb\"},\"inLanguage\":\"hu\",\"potentialAction\":[{\"@type\":\"ReadAction\",\"target\":[\"https:\/\/eleskamralisztek.hu\/?p=15415434\"]}]},{\"@type\":\"BreadcrumbList\",\"@id\":\"https:\/\/eleskamralisztek.hu\/?p=15415434#breadcrumb\",\"itemListElement\":[{\"@type\":\"ListItem\",\"position\":1,\"name\":\"Kezd\u0151lap\",\"item\":\"https:\/\/eleskamralisztek.hu\/\"},{\"@type\":\"ListItem\",\"position\":2,\"name\":\"Veg\u00e1n Pihe puha pog\u00e1csa kevesebb n\u00f6v\u00e9nyi margarinnal\"}]},{\"@type\":\"WebSite\",\"@id\":\"https:\/\/eleskamralisztek.hu\/#website\",\"url\":\"https:\/\/eleskamralisztek.hu\/\",\"name\":\"\u00c9l\u00e9skamra Receptek Blogja\",\"description\":\"Mentes receptek Neked\",\"publisher\":{\"@id\":\"https:\/\/eleskamralisztek.hu\/#organization\"},\"potentialAction\":[{\"@type\":\"SearchAction\",\"target\":{\"@type\":\"EntryPoint\",\"urlTemplate\":\"https:\/\/eleskamralisztek.hu\/?s={search_term_string}\"},\"query-input\":\"required name=search_term_string\"}],\"inLanguage\":\"hu\"},{\"@type\":\"Organization\",\"@id\":\"https:\/\/eleskamralisztek.hu\/#organization\",\"name\":\"\u00c9l\u00e9skamra - glut\u00e9nmentes lisztek\",\"url\":\"https:\/\/eleskamralisztek.hu\/\",\"logo\":{\"@type\":\"ImageObject\",\"inLanguage\":\"hu\",\"@id\":\"https:\/\/eleskamralisztek.hu\/#\/schema\/logo\/image\/\",\"url\":\"https:\/\/eleskamralisztek.hu\/wp-content\/uploads\/2022\/06\/eleskamraujlogo.png\",\"contentUrl\":\"https:\/\/eleskamralisztek.hu\/wp-content\/uploads\/2022\/06\/eleskamraujlogo.png\",\"width\":4724,\"height\":1417,\"caption\":\"\u00c9l\u00e9skamra - glut\u00e9nmentes lisztek\"},\"image\":{\"@id\":\"https:\/\/eleskamralisztek.hu\/#\/schema\/logo\/image\/\"}},{\"@type\":\"Person\",\"@id\":\"https:\/\/eleskamralisztek.hu\/#\/schema\/person\/5444d8c82f9679b2485b08f51a6fa26b\",\"name\":\"eva\",\"image\":{\"@type\":\"ImageObject\",\"inLanguage\":\"hu\",\"@id\":\"https:\/\/eleskamralisztek.hu\/#\/schema\/person\/image\/\",\"url\":\"https:\/\/secure.gravatar.com\/avatar\/c9427e4403b37e197eae11a035dddaf6?s=96&d=mm&r=g\",\"contentUrl\":\"https:\/\/secure.gravatar.com\/avatar\/c9427e4403b37e197eae11a035dddaf6?s=96&d=mm&r=g\",\"caption\":\"eva\"},\"url\":\"https:\/\/eleskamralisztek.hu\/?author=2\"}]}<\/script>\n<!-- \/ Yoast SEO plugin. -->","yoast_head_json":{"title":"Veg\u00e1n Pihe puha pog\u00e1csa kevesebb n\u00f6v\u00e9nyi margarinnal - \u00c9l\u00e9skamra Blog","robots":{"index":"index","follow":"follow","max-snippet":"max-snippet:-1","max-image-preview":"max-image-preview:large","max-video-preview":"max-video-preview:-1"},"canonical":"https:\/\/eleskamralisztek.hu\/?p=15415434","og_locale":"hu_HU","og_type":"article","og_title":"Veg\u00e1n Pihe puha pog\u00e1csa kevesebb n\u00f6v\u00e9nyi margarinnal - \u00c9l\u00e9skamra Blog","og_description":"K\u00e9t visszajelz\u00e9st is kaptunk a veg\u00e1n pihe puha pog\u00e1cs\u00e1val kapcsolatban, az egyik szerint a t\u00e9szta t\u00f6redezik, a m\u00e1si szerint pedig tocsog a zs\u00edrbab. Sz\u00e1momra egy\u00e9bk\u00e9nt ez az egyik legk\u00f6nnyebben kezelhet\u0151 lisztkever\u00e9k, csak \u00f6sszekeverem, pihentetem, \u00e9s k\u00e9sz is, lehet s\u00fctni. K\u00edv\u00e1ncsi voltam, hogy kevesebb zsirad\u00e9kkal m\u0171k\u00f6dik-e, \u00e9s finom marad-e. Jelentem, igen, \u00e9s finom is, s\u0151t, kipr\u00f3b\u00e1ltam [&hellip;]","og_url":"https:\/\/eleskamralisztek.hu\/?p=15415434","og_site_name":"\u00c9l\u00e9skamra Blog","article_published_time":"2023-10-01T14:18:38+00:00","article_modified_time":"2023-10-01T14:18:40+00:00","og_image":[{"width":1114,"height":1486,"url":"https:\/\/eleskamralisztek.hu\/wp-content\/uploads\/2023\/10\/20231001_124550.jpg","type":"image\/jpeg"}],"author":"eva","twitter_card":"summary_large_image","twitter_misc":{"Szerz\u0151:":"eva","Becs\u00fclt olvas\u00e1si id\u0151":"2 perc"},"schema":{"@context":"https:\/\/schema.org","@graph":[{"@type":"Article","@id":"https:\/\/eleskamralisztek.hu\/?p=15415434#article","isPartOf":{"@id":"https:\/\/eleskamralisztek.hu\/?p=15415434"},"author":{"name":"eva","@id":"https:\/\/eleskamralisztek.hu\/#\/schema\/person\/5444d8c82f9679b2485b08f51a6fa26b"},"headline":"Veg\u00e1n Pihe puha pog\u00e1csa kevesebb n\u00f6v\u00e9nyi margarinnal","datePublished":"2023-10-01T14:18:38+00:00","dateModified":"2023-10-01T14:18:40+00:00","mainEntityOfPage":{"@id":"https:\/\/eleskamralisztek.hu\/?p=15415434"},"wordCount":359,"commentCount":0,"publisher":{"@id":"https:\/\/eleskamralisztek.hu\/#organization"},"keywords":["pog\u00e1csa"],"articleSection":["Cukormentes","Tej mentes","Toj\u00e1s mentes","Vegan"],"inLanguage":"hu","potentialAction":[{"@type":"CommentAction","name":"Comment","target":["https:\/\/eleskamralisztek.hu\/?p=15415434#respond"]}]},{"@type":"WebPage","@id":"https:\/\/eleskamralisztek.hu\/?p=15415434","url":"https:\/\/eleskamralisztek.hu\/?p=15415434","name":"Veg\u00e1n Pihe puha pog\u00e1csa kevesebb n\u00f6v\u00e9nyi margarinnal - \u00c9l\u00e9skamra Blog","isPartOf":{"@id":"https:\/\/eleskamralisztek.hu\/#website"},"datePublished":"2023-10-01T14:18:38+00:00","dateModified":"2023-10-01T14:18:40+00:00","breadcrumb":{"@id":"https:\/\/eleskamralisztek.hu\/?p=15415434#breadcrumb"},"inLanguage":"hu","potentialAction":[{"@type":"ReadAction","target":["https:\/\/eleskamralisztek.hu\/?p=15415434"]}]},{"@type":"BreadcrumbList","@id":"https:\/\/eleskamralisztek.hu\/?p=15415434#breadcrumb","itemListElement":[{"@type":"ListItem","position":1,"name":"Kezd\u0151lap","item":"https:\/\/eleskamralisztek.hu\/"},{"@type":"ListItem","position":2,"name":"Veg\u00e1n Pihe puha pog\u00e1csa kevesebb n\u00f6v\u00e9nyi margarinnal"}]},{"@type":"WebSite","@id":"https:\/\/eleskamralisztek.hu\/#website","url":"https:\/\/eleskamralisztek.hu\/","name":"\u00c9l\u00e9skamra Receptek Blogja","description":"Mentes receptek Neked","publisher":{"@id":"https:\/\/eleskamralisztek.hu\/#organization"},"potentialAction":[{"@type":"SearchAction","target":{"@type":"EntryPoint","urlTemplate":"https:\/\/eleskamralisztek.hu\/?s={search_term_string}"},"query-input":"required name=search_term_string"}],"inLanguage":"hu"},{"@type":"Organization","@id":"https:\/\/eleskamralisztek.hu\/#organization","name":"\u00c9l\u00e9skamra - glut\u00e9nmentes lisztek","url":"https:\/\/eleskamralisztek.hu\/","logo":{"@type":"ImageObject","inLanguage":"hu","@id":"https:\/\/eleskamralisztek.hu\/#\/schema\/logo\/image\/","url":"https:\/\/eleskamralisztek.hu\/wp-content\/uploads\/2022\/06\/eleskamraujlogo.png","contentUrl":"https:\/\/eleskamralisztek.hu\/wp-content\/uploads\/2022\/06\/eleskamraujlogo.png","width":4724,"height":1417,"caption":"\u00c9l\u00e9skamra - glut\u00e9nmentes lisztek"},"image":{"@id":"https:\/\/eleskamralisztek.hu\/#\/schema\/logo\/image\/"}},{"@type":"Person","@id":"https:\/\/eleskamralisztek.hu\/#\/schema\/person\/5444d8c82f9679b2485b08f51a6fa26b","name":"eva","image":{"@type":"ImageObject","inLanguage":"hu","@id":"https:\/\/eleskamralisztek.hu\/#\/schema\/person\/image\/","url":"https:\/\/secure.gravatar.com\/avatar\/c9427e4403b37e197eae11a035dddaf6?s=96&d=mm&r=g","contentUrl":"https:\/\/secure.gravatar.com\/avatar\/c9427e4403b37e197eae11a035dddaf6?s=96&d=mm&r=g","caption":"eva"},"url":"https:\/\/eleskamralisztek.hu\/?author=2"}]}},"_links":{"self":[{"href":"https:\/\/eleskamralisztek.hu\/index.php?rest_route=\/wp\/v2\/posts\/15415434","targetHints":{"allow":["GET"]}}],"collection":[{"href":"https:\/\/eleskamralisztek.hu\/index.php?rest_route=\/wp\/v2\/posts"}],"about":[{"href":"https:\/\/eleskamralisztek.hu\/index.php?rest_route=\/wp\/v2\/types\/post"}],"author":[{"embeddable":true,"href":"https:\/\/eleskamralisztek.hu\/index.php?rest_route=\/wp\/v2\/users\/2"}],"replies":[{"embeddable":true,"href":"https:\/\/eleskamralisztek.hu\/index.php?rest_route=%2Fwp%2Fv2%2Fcomments&post=15415434"}],"version-history":[{"count":1,"href":"https:\/\/eleskamralisztek.hu\/index.php?rest_route=\/wp\/v2\/posts\/15415434\/revisions"}],"predecessor-version":[{"id":15415437,"href":"https:\/\/eleskamralisztek.hu\/index.php?rest_route=\/wp\/v2\/posts\/15415434\/revisions\/15415437"}],"wp:featuredmedia":[{"embeddable":true,"href":"https:\/\/eleskamralisztek.hu\/index.php?rest_route=\/wp\/v2\/media\/15415436"}],"wp:attachment":[{"href":"https:\/\/eleskamralisztek.hu\/index.php?rest_route=%2Fwp%2Fv2%2Fmedia&parent=15415434"}],"wp:term":[{"taxonomy":"category","embeddable":true,"href":"https:\/\/eleskamralisztek.hu\/index.php?rest_route=%2Fwp%2Fv2%2Fcategories&post=15415434"},{"taxonomy":"post_tag","embeddable":true,"href":"https:\/\/eleskamralisztek.hu\/index.php?rest_route=%2Fwp%2Fv2%2Ftags&post=15415434"},{"taxonomy":"maradek_termekek","embeddable":true,"href":"https:\/\/eleskamralisztek.hu\/index.php?rest_route=%2Fwp%2Fv2%2Fmaradek_termekek&post=15415434"}],"curies":[{"name":"wp","href":"https:\/\/api.w.org\/{rel}","templated":true}]}}