{"id":15415439,"date":"2023-12-04T07:35:00","date_gmt":"2023-12-04T07:35:00","guid":{"rendered":"https:\/\/eleskamralisztek.hu\/?p=15415439"},"modified":"2024-01-03T18:30:25","modified_gmt":"2024-01-03T18:30:25","slug":"eleskamra-vegan-toltott-keksz","status":"publish","type":"post","link":"https:\/\/eleskamralisztek.hu\/?p=15415439","title":{"rendered":"\u00c9l\u00e9skamra Veg\u00e1n t\u00f6lt\u00f6tt keksz"},"content":{"rendered":"\n<p>Szuper kis keksz ak\u00e1r kar\u00e1csonyra, pofon egyszer\u0171, \u00e9s amellett hogy finom, glut\u00e9nmentes, \u00e9s veg\u00e1n. <\/p>\n\n\n\n<p>Hozz\u00e1val\u00f3k: <\/p>\n\n\n\n<ul class=\"wp-block-list\">\n<li><a href=\"https:\/\/glutenmenteslisztek.hu\/Eleskamra-vegan-palacsinta-keksz-lisztkeverek-glutenmentes\" target=\"_blank\" rel=\"noreferrer noopener\">100 g \u00c9L\u00e9skamra Veg\u00e1n Palacsinta \u00e9s Keksz glut\u00e9nmentes Lisztkever\u00e9k<\/a><\/li>\n\n\n\n<li><a href=\"https:\/\/glutenmenteslisztek.hu\/Eleskamra-Erythritol-eritrit-500-g\" target=\"_blank\" rel=\"noreferrer noopener\">2 ek. \u00c9l\u00e9skamra eritrit<\/a><\/li>\n\n\n\n<li>2 ev K\u00f3kuszvir\u00e1g cukor vagy di\u00e9ta szerinti \u00e9des\u00edt\u0151<\/li>\n\n\n\n<li>50 g margarin<\/li>\n\n\n\n<li>20 ml n\u00f6v\u00e9nyi tej<\/li>\n<\/ul>\n\n\n\n<p>Mindent \u00f6sszekeverek, \u00e9s kis goly\u00f3kat gy\u00farok.<\/p>\n\n\n\n<p>Azokat lelap\u00edtom, \u00e9s egy kis m\u00e9lyed\u00e9st csin\u00e1lok benne.<\/p>\n\n\n\n<p>180 fokon 8-10 perc alatt als\u00f3 fels\u0151 s\u00fct\u00e9ssel megs\u00fct\u00f6m. (s\u00fct\u0151 f\u00fcgg\u0151)<\/p>\n\n\n\n<p>V\u00e1rd meg m\u00edg kih\u0171l, a m\u00e9lyed\u00e9sbe tettem mogyor\u00f3vajat, \u00e9s r\u00e1 olvasztott csokit, a tetej\u00e9re meg di\u00f3t. De lehet tenni bele lekv\u00e1rt csokival, mandul\u00e1t di\u00f3 helyett. Pofon egyszer\u0171, glut\u00e9nmentes, veg\u00e1n, \u00e9s nagyon finom \ud83d\ude42<\/p>\n\n\n\n<figure class=\"wp-block-image size-large\"><img loading=\"lazy\" decoding=\"async\" width=\"768\" height=\"1024\" src=\"https:\/\/eleskamralisztek.hu\/wp-content\/uploads\/2023\/12\/20231008_172250-768x1024.jpg\" alt=\"\" class=\"wp-image-15415441\" srcset=\"https:\/\/eleskamralisztek.hu\/wp-content\/uploads\/2023\/12\/20231008_172250-768x1024.jpg 768w, https:\/\/eleskamralisztek.hu\/wp-content\/uploads\/2023\/12\/20231008_172250-225x300.jpg 225w, https:\/\/eleskamralisztek.hu\/wp-content\/uploads\/2023\/12\/20231008_172250.jpg 1148w\" sizes=\"auto, (max-width: 768px) 100vw, 768px\" \/><\/figure>\n","protected":false},"excerpt":{"rendered":"<p>Szuper kis keksz ak\u00e1r kar\u00e1csonyra, pofon egyszer\u0171, \u00e9s amellett hogy finom, glut\u00e9nmentes, \u00e9s veg\u00e1n. Hozz\u00e1val\u00f3k: Mindent \u00f6sszekeverek, \u00e9s kis goly\u00f3kat gy\u00farok. Azokat lelap\u00edtom, \u00e9s egy kis m\u00e9lyed\u00e9st csin\u00e1lok benne. 180 fokon 8-10 perc alatt als\u00f3 fels\u0151 s\u00fct\u00e9ssel megs\u00fct\u00f6m. (s\u00fct\u0151 f\u00fcgg\u0151) V\u00e1rd meg m\u00edg kih\u0171l, a m\u00e9lyed\u00e9sbe tettem mogyor\u00f3vajat, \u00e9s r\u00e1 olvasztott csokit, a tetej\u00e9re meg [&hellip;]<\/p>\n","protected":false},"author":2,"featured_media":15415440,"comment_status":"open","ping_status":"open","sticky":false,"template":"","format":"standard","meta":{"footnotes":""},"categories":[76,686,73,77,11],"tags":[382,665,424,297],"maradek_termekek":[354],"class_list":["post-15415439","post","type-post","status-publish","format-standard","has-post-thumbnail","hentry","category-eleszto-mentes","category-glutenmentes","category-tej-mentes","category-tojas-mentes","category-vegan","tag-edes","tag-karacsony","tag-keksz","tag-vegan-2","maradek_termekek-vegan-palacsinta-es-keksz-lisztkeverek"],"yoast_head":"<!-- This site is optimized with the Yoast SEO plugin v20.5 - https:\/\/yoast.com\/wordpress\/plugins\/seo\/ -->\n<title>\u00c9l\u00e9skamra Veg\u00e1n t\u00f6lt\u00f6tt keksz - \u00c9l\u00e9skamra Blog<\/title>\n<meta name=\"robots\" content=\"index, follow, max-snippet:-1, max-image-preview:large, max-video-preview:-1\" \/>\n<link rel=\"canonical\" href=\"https:\/\/eleskamralisztek.hu\/?p=15415439\" \/>\n<meta property=\"og:locale\" content=\"hu_HU\" \/>\n<meta property=\"og:type\" content=\"article\" \/>\n<meta property=\"og:title\" content=\"\u00c9l\u00e9skamra Veg\u00e1n t\u00f6lt\u00f6tt keksz - \u00c9l\u00e9skamra Blog\" \/>\n<meta property=\"og:description\" content=\"Szuper kis keksz ak\u00e1r kar\u00e1csonyra, pofon egyszer\u0171, \u00e9s amellett hogy finom, glut\u00e9nmentes, \u00e9s veg\u00e1n. Hozz\u00e1val\u00f3k: Mindent \u00f6sszekeverek, \u00e9s kis goly\u00f3kat gy\u00farok. Azokat lelap\u00edtom, \u00e9s egy kis m\u00e9lyed\u00e9st csin\u00e1lok benne. 180 fokon 8-10 perc alatt als\u00f3 fels\u0151 s\u00fct\u00e9ssel megs\u00fct\u00f6m. (s\u00fct\u0151 f\u00fcgg\u0151) V\u00e1rd meg m\u00edg kih\u0171l, a m\u00e9lyed\u00e9sbe tettem mogyor\u00f3vajat, \u00e9s r\u00e1 olvasztott csokit, a tetej\u00e9re meg [&hellip;]\" \/>\n<meta property=\"og:url\" content=\"https:\/\/eleskamralisztek.hu\/?p=15415439\" \/>\n<meta property=\"og:site_name\" content=\"\u00c9l\u00e9skamra Blog\" \/>\n<meta property=\"article:published_time\" content=\"2023-12-04T07:35:00+00:00\" \/>\n<meta property=\"article:modified_time\" content=\"2024-01-03T18:30:25+00:00\" \/>\n<meta property=\"og:image\" content=\"https:\/\/eleskamralisztek.hu\/wp-content\/uploads\/2023\/12\/20231008_170910.jpg\" \/>\n\t<meta property=\"og:image:width\" content=\"2040\" \/>\n\t<meta property=\"og:image:height\" content=\"1530\" \/>\n\t<meta property=\"og:image:type\" content=\"image\/jpeg\" \/>\n<meta name=\"author\" content=\"eva\" \/>\n<meta name=\"twitter:card\" content=\"summary_large_image\" \/>\n<meta name=\"twitter:label1\" content=\"Szerz\u0151:\" \/>\n\t<meta name=\"twitter:data1\" content=\"eva\" \/>\n\t<meta name=\"twitter:label2\" content=\"Becs\u00fclt olvas\u00e1si id\u0151\" \/>\n\t<meta name=\"twitter:data2\" content=\"1 perc\" \/>\n<script type=\"application\/ld+json\" class=\"yoast-schema-graph\">{\"@context\":\"https:\/\/schema.org\",\"@graph\":[{\"@type\":\"Article\",\"@id\":\"https:\/\/eleskamralisztek.hu\/?p=15415439#article\",\"isPartOf\":{\"@id\":\"https:\/\/eleskamralisztek.hu\/?p=15415439\"},\"author\":{\"name\":\"eva\",\"@id\":\"https:\/\/eleskamralisztek.hu\/#\/schema\/person\/5444d8c82f9679b2485b08f51a6fa26b\"},\"headline\":\"\u00c9l\u00e9skamra Veg\u00e1n t\u00f6lt\u00f6tt keksz\",\"datePublished\":\"2023-12-04T07:35:00+00:00\",\"dateModified\":\"2024-01-03T18:30:25+00:00\",\"mainEntityOfPage\":{\"@id\":\"https:\/\/eleskamralisztek.hu\/?p=15415439\"},\"wordCount\":143,\"commentCount\":0,\"publisher\":{\"@id\":\"https:\/\/eleskamralisztek.hu\/#organization\"},\"keywords\":[\"\u00e9des\",\"kar\u00e1csony\",\"keksz\",\"veg\u00e1n\"],\"articleSection\":[\"\u00c9leszt\u0151 mentes\",\"glut\u00e9nmentes\",\"Tej mentes\",\"Toj\u00e1s mentes\",\"Vegan\"],\"inLanguage\":\"hu\",\"potentialAction\":[{\"@type\":\"CommentAction\",\"name\":\"Comment\",\"target\":[\"https:\/\/eleskamralisztek.hu\/?p=15415439#respond\"]}]},{\"@type\":\"WebPage\",\"@id\":\"https:\/\/eleskamralisztek.hu\/?p=15415439\",\"url\":\"https:\/\/eleskamralisztek.hu\/?p=15415439\",\"name\":\"\u00c9l\u00e9skamra Veg\u00e1n t\u00f6lt\u00f6tt keksz - \u00c9l\u00e9skamra Blog\",\"isPartOf\":{\"@id\":\"https:\/\/eleskamralisztek.hu\/#website\"},\"datePublished\":\"2023-12-04T07:35:00+00:00\",\"dateModified\":\"2024-01-03T18:30:25+00:00\",\"breadcrumb\":{\"@id\":\"https:\/\/eleskamralisztek.hu\/?p=15415439#breadcrumb\"},\"inLanguage\":\"hu\",\"potentialAction\":[{\"@type\":\"ReadAction\",\"target\":[\"https:\/\/eleskamralisztek.hu\/?p=15415439\"]}]},{\"@type\":\"BreadcrumbList\",\"@id\":\"https:\/\/eleskamralisztek.hu\/?p=15415439#breadcrumb\",\"itemListElement\":[{\"@type\":\"ListItem\",\"position\":1,\"name\":\"Kezd\u0151lap\",\"item\":\"https:\/\/eleskamralisztek.hu\/\"},{\"@type\":\"ListItem\",\"position\":2,\"name\":\"\u00c9l\u00e9skamra Veg\u00e1n t\u00f6lt\u00f6tt keksz\"}]},{\"@type\":\"WebSite\",\"@id\":\"https:\/\/eleskamralisztek.hu\/#website\",\"url\":\"https:\/\/eleskamralisztek.hu\/\",\"name\":\"\u00c9l\u00e9skamra Receptek Blogja\",\"description\":\"Mentes receptek Neked\",\"publisher\":{\"@id\":\"https:\/\/eleskamralisztek.hu\/#organization\"},\"potentialAction\":[{\"@type\":\"SearchAction\",\"target\":{\"@type\":\"EntryPoint\",\"urlTemplate\":\"https:\/\/eleskamralisztek.hu\/?s={search_term_string}\"},\"query-input\":\"required name=search_term_string\"}],\"inLanguage\":\"hu\"},{\"@type\":\"Organization\",\"@id\":\"https:\/\/eleskamralisztek.hu\/#organization\",\"name\":\"\u00c9l\u00e9skamra - glut\u00e9nmentes lisztek\",\"url\":\"https:\/\/eleskamralisztek.hu\/\",\"logo\":{\"@type\":\"ImageObject\",\"inLanguage\":\"hu\",\"@id\":\"https:\/\/eleskamralisztek.hu\/#\/schema\/logo\/image\/\",\"url\":\"https:\/\/eleskamralisztek.hu\/wp-content\/uploads\/2022\/06\/eleskamraujlogo.png\",\"contentUrl\":\"https:\/\/eleskamralisztek.hu\/wp-content\/uploads\/2022\/06\/eleskamraujlogo.png\",\"width\":4724,\"height\":1417,\"caption\":\"\u00c9l\u00e9skamra - glut\u00e9nmentes lisztek\"},\"image\":{\"@id\":\"https:\/\/eleskamralisztek.hu\/#\/schema\/logo\/image\/\"}},{\"@type\":\"Person\",\"@id\":\"https:\/\/eleskamralisztek.hu\/#\/schema\/person\/5444d8c82f9679b2485b08f51a6fa26b\",\"name\":\"eva\",\"image\":{\"@type\":\"ImageObject\",\"inLanguage\":\"hu\",\"@id\":\"https:\/\/eleskamralisztek.hu\/#\/schema\/person\/image\/\",\"url\":\"https:\/\/secure.gravatar.com\/avatar\/c9427e4403b37e197eae11a035dddaf6?s=96&d=mm&r=g\",\"contentUrl\":\"https:\/\/secure.gravatar.com\/avatar\/c9427e4403b37e197eae11a035dddaf6?s=96&d=mm&r=g\",\"caption\":\"eva\"},\"url\":\"https:\/\/eleskamralisztek.hu\/?author=2\"}]}<\/script>\n<!-- \/ Yoast SEO plugin. -->","yoast_head_json":{"title":"\u00c9l\u00e9skamra Veg\u00e1n t\u00f6lt\u00f6tt keksz - \u00c9l\u00e9skamra Blog","robots":{"index":"index","follow":"follow","max-snippet":"max-snippet:-1","max-image-preview":"max-image-preview:large","max-video-preview":"max-video-preview:-1"},"canonical":"https:\/\/eleskamralisztek.hu\/?p=15415439","og_locale":"hu_HU","og_type":"article","og_title":"\u00c9l\u00e9skamra Veg\u00e1n t\u00f6lt\u00f6tt keksz - \u00c9l\u00e9skamra Blog","og_description":"Szuper kis keksz ak\u00e1r kar\u00e1csonyra, pofon egyszer\u0171, \u00e9s amellett hogy finom, glut\u00e9nmentes, \u00e9s veg\u00e1n. Hozz\u00e1val\u00f3k: Mindent \u00f6sszekeverek, \u00e9s kis goly\u00f3kat gy\u00farok. Azokat lelap\u00edtom, \u00e9s egy kis m\u00e9lyed\u00e9st csin\u00e1lok benne. 180 fokon 8-10 perc alatt als\u00f3 fels\u0151 s\u00fct\u00e9ssel megs\u00fct\u00f6m. (s\u00fct\u0151 f\u00fcgg\u0151) V\u00e1rd meg m\u00edg kih\u0171l, a m\u00e9lyed\u00e9sbe tettem mogyor\u00f3vajat, \u00e9s r\u00e1 olvasztott csokit, a tetej\u00e9re meg [&hellip;]","og_url":"https:\/\/eleskamralisztek.hu\/?p=15415439","og_site_name":"\u00c9l\u00e9skamra Blog","article_published_time":"2023-12-04T07:35:00+00:00","article_modified_time":"2024-01-03T18:30:25+00:00","og_image":[{"width":2040,"height":1530,"url":"https:\/\/eleskamralisztek.hu\/wp-content\/uploads\/2023\/12\/20231008_170910.jpg","type":"image\/jpeg"}],"author":"eva","twitter_card":"summary_large_image","twitter_misc":{"Szerz\u0151:":"eva","Becs\u00fclt olvas\u00e1si id\u0151":"1 perc"},"schema":{"@context":"https:\/\/schema.org","@graph":[{"@type":"Article","@id":"https:\/\/eleskamralisztek.hu\/?p=15415439#article","isPartOf":{"@id":"https:\/\/eleskamralisztek.hu\/?p=15415439"},"author":{"name":"eva","@id":"https:\/\/eleskamralisztek.hu\/#\/schema\/person\/5444d8c82f9679b2485b08f51a6fa26b"},"headline":"\u00c9l\u00e9skamra Veg\u00e1n t\u00f6lt\u00f6tt keksz","datePublished":"2023-12-04T07:35:00+00:00","dateModified":"2024-01-03T18:30:25+00:00","mainEntityOfPage":{"@id":"https:\/\/eleskamralisztek.hu\/?p=15415439"},"wordCount":143,"commentCount":0,"publisher":{"@id":"https:\/\/eleskamralisztek.hu\/#organization"},"keywords":["\u00e9des","kar\u00e1csony","keksz","veg\u00e1n"],"articleSection":["\u00c9leszt\u0151 mentes","glut\u00e9nmentes","Tej mentes","Toj\u00e1s mentes","Vegan"],"inLanguage":"hu","potentialAction":[{"@type":"CommentAction","name":"Comment","target":["https:\/\/eleskamralisztek.hu\/?p=15415439#respond"]}]},{"@type":"WebPage","@id":"https:\/\/eleskamralisztek.hu\/?p=15415439","url":"https:\/\/eleskamralisztek.hu\/?p=15415439","name":"\u00c9l\u00e9skamra Veg\u00e1n t\u00f6lt\u00f6tt keksz - \u00c9l\u00e9skamra Blog","isPartOf":{"@id":"https:\/\/eleskamralisztek.hu\/#website"},"datePublished":"2023-12-04T07:35:00+00:00","dateModified":"2024-01-03T18:30:25+00:00","breadcrumb":{"@id":"https:\/\/eleskamralisztek.hu\/?p=15415439#breadcrumb"},"inLanguage":"hu","potentialAction":[{"@type":"ReadAction","target":["https:\/\/eleskamralisztek.hu\/?p=15415439"]}]},{"@type":"BreadcrumbList","@id":"https:\/\/eleskamralisztek.hu\/?p=15415439#breadcrumb","itemListElement":[{"@type":"ListItem","position":1,"name":"Kezd\u0151lap","item":"https:\/\/eleskamralisztek.hu\/"},{"@type":"ListItem","position":2,"name":"\u00c9l\u00e9skamra Veg\u00e1n t\u00f6lt\u00f6tt keksz"}]},{"@type":"WebSite","@id":"https:\/\/eleskamralisztek.hu\/#website","url":"https:\/\/eleskamralisztek.hu\/","name":"\u00c9l\u00e9skamra Receptek Blogja","description":"Mentes receptek Neked","publisher":{"@id":"https:\/\/eleskamralisztek.hu\/#organization"},"potentialAction":[{"@type":"SearchAction","target":{"@type":"EntryPoint","urlTemplate":"https:\/\/eleskamralisztek.hu\/?s={search_term_string}"},"query-input":"required name=search_term_string"}],"inLanguage":"hu"},{"@type":"Organization","@id":"https:\/\/eleskamralisztek.hu\/#organization","name":"\u00c9l\u00e9skamra - glut\u00e9nmentes lisztek","url":"https:\/\/eleskamralisztek.hu\/","logo":{"@type":"ImageObject","inLanguage":"hu","@id":"https:\/\/eleskamralisztek.hu\/#\/schema\/logo\/image\/","url":"https:\/\/eleskamralisztek.hu\/wp-content\/uploads\/2022\/06\/eleskamraujlogo.png","contentUrl":"https:\/\/eleskamralisztek.hu\/wp-content\/uploads\/2022\/06\/eleskamraujlogo.png","width":4724,"height":1417,"caption":"\u00c9l\u00e9skamra - glut\u00e9nmentes lisztek"},"image":{"@id":"https:\/\/eleskamralisztek.hu\/#\/schema\/logo\/image\/"}},{"@type":"Person","@id":"https:\/\/eleskamralisztek.hu\/#\/schema\/person\/5444d8c82f9679b2485b08f51a6fa26b","name":"eva","image":{"@type":"ImageObject","inLanguage":"hu","@id":"https:\/\/eleskamralisztek.hu\/#\/schema\/person\/image\/","url":"https:\/\/secure.gravatar.com\/avatar\/c9427e4403b37e197eae11a035dddaf6?s=96&d=mm&r=g","contentUrl":"https:\/\/secure.gravatar.com\/avatar\/c9427e4403b37e197eae11a035dddaf6?s=96&d=mm&r=g","caption":"eva"},"url":"https:\/\/eleskamralisztek.hu\/?author=2"}]}},"_links":{"self":[{"href":"https:\/\/eleskamralisztek.hu\/index.php?rest_route=\/wp\/v2\/posts\/15415439","targetHints":{"allow":["GET"]}}],"collection":[{"href":"https:\/\/eleskamralisztek.hu\/index.php?rest_route=\/wp\/v2\/posts"}],"about":[{"href":"https:\/\/eleskamralisztek.hu\/index.php?rest_route=\/wp\/v2\/types\/post"}],"author":[{"embeddable":true,"href":"https:\/\/eleskamralisztek.hu\/index.php?rest_route=\/wp\/v2\/users\/2"}],"replies":[{"embeddable":true,"href":"https:\/\/eleskamralisztek.hu\/index.php?rest_route=%2Fwp%2Fv2%2Fcomments&post=15415439"}],"version-history":[{"count":1,"href":"https:\/\/eleskamralisztek.hu\/index.php?rest_route=\/wp\/v2\/posts\/15415439\/revisions"}],"predecessor-version":[{"id":15415442,"href":"https:\/\/eleskamralisztek.hu\/index.php?rest_route=\/wp\/v2\/posts\/15415439\/revisions\/15415442"}],"wp:featuredmedia":[{"embeddable":true,"href":"https:\/\/eleskamralisztek.hu\/index.php?rest_route=\/wp\/v2\/media\/15415440"}],"wp:attachment":[{"href":"https:\/\/eleskamralisztek.hu\/index.php?rest_route=%2Fwp%2Fv2%2Fmedia&parent=15415439"}],"wp:term":[{"taxonomy":"category","embeddable":true,"href":"https:\/\/eleskamralisztek.hu\/index.php?rest_route=%2Fwp%2Fv2%2Fcategories&post=15415439"},{"taxonomy":"post_tag","embeddable":true,"href":"https:\/\/eleskamralisztek.hu\/index.php?rest_route=%2Fwp%2Fv2%2Ftags&post=15415439"},{"taxonomy":"maradek_termekek","embeddable":true,"href":"https:\/\/eleskamralisztek.hu\/index.php?rest_route=%2Fwp%2Fv2%2Fmaradek_termekek&post=15415439"}],"curies":[{"name":"wp","href":"https:\/\/api.w.org\/{rel}","templated":true}]}}