{"id":15415465,"date":"2023-12-19T09:06:07","date_gmt":"2023-12-19T09:06:07","guid":{"rendered":"https:\/\/eleskamralisztek.hu\/?p=15415465"},"modified":"2023-12-19T09:06:08","modified_gmt":"2023-12-19T09:06:08","slug":"gyumolcsos-kevert-suti-%f0%9f%8d%92%f0%9f%91%a9%f0%9f%8f%bc%f0%9f%8d%b3","status":"publish","type":"post","link":"https:\/\/eleskamralisztek.hu\/?p=15415465","title":{"rendered":"Gy\u00fcm\u00f6lcs\u00f6s kevert s\u00fcti \ud83c\udf52\ud83d\udc69\ud83c\udffc\u200d\ud83c\udf73\u00a0"},"content":{"rendered":"\n<p>-Veg\u00e1n-,glut\u00e9n-,cukormentes-<\/p>\n\n\n\n<p>Hozz\u00e1val\u00f3k (8 szelethez):<\/p>\n\n\n\n<p>Alap:<\/p>\n\n\n\n<p><a href=\"https:\/\/glutenmenteslisztek.hu\/Eleskamra-vegan-keltes-sutemeny-piskota-glutenmentes\">-100 g \u00c9l\u00e9skamra veg\u00e1n kelt s\u00fcti \u00e9s pisk\u00f3ta liszt<\/a><\/p>\n\n\n\n<p>-115 g cukormentes n\u00f6v\u00e9nyi tej<\/p>\n\n\n\n<p>-1\/2 ev\u0151kan\u00e1l almaecet<\/p>\n\n\n\n<p><a href=\"https:\/\/glutenmenteslisztek.hu\/Eleskamra-Foszfatmentes-paleo-sutopor\">-3 g \u00c9l\u00e9skamra Foszf\u00e1tmentes s\u00fct\u0151por<\/a><\/p>\n\n\n\n<p>-30 g k\u00f3kuszzs\u00edr<\/p>\n\n\n\n<p>-6 g foly\u00e9kony \u00e9des\u00edt\u0151szer&nbsp;<\/p>\n\n\n\n<p>-3 g van\u00edlia aroma<\/p>\n\n\n\n<p>Kr\u00e9m:<\/p>\n\n\n\n<p>-150 g nat\u00far tofu&nbsp;<\/p>\n\n\n\n<p>-150 g fagyasztott vagy friss eper<\/p>\n\n\n\n<p>-50 g cukormentes k\u00f3kusztej (lehet egy picit t\u00f6bbet is fel fog venni, legyen kr\u00e9mes, de ne foly\u00f3s!)<\/p>\n\n\n\n<p>-6 g foly\u00e9kony \u00e9des\u00edt\u0151szer&nbsp;<\/p>\n\n\n\n<p>-3 g citromh\u00e9j<\/p>\n\n\n\n<p>-1 kk.kardamom<\/p>\n\n\n\n<p>-1-2 kk.van\u00edlia aroma<\/p>\n\n\n\n<p>Tetej\u00e9re:<\/p>\n\n\n\n<p>\u00e1fonya \u00f6ntet+friss gy\u00fcm\u00f6lcs\u00f6k&nbsp;<\/p>\n\n\n\n<p>Elk\u00e9sz\u00edt\u00e9s:<\/p>\n\n\n\n<p>A lisztet a s\u00fct\u0151porral elkeverj\u00fck. Ezut\u00e1n mehet hozz\u00e1 minden foly\u00e9kony hozz\u00e1val\u00f3. (A k\u00f3kuszzs\u00edrt is olvasszuk meg, hogy foly\u00e9kony legyen.)<\/p>\n\n\n\n<p>Ahogy a pisk\u00f3t\u00e1t \u00f6ssze kevert\u00fck mehet egy kisebb tepsibe, ahol elegyengetj\u00fck. Ne lep\u0151dj\u00fcnk meg, leveg\u0151 hat\u00e1s\u00e1ra k\u00f6nnyen elkezd \u00f6ssze \u00e1llni, de ez a v\u00e9gterm\u00e9ken semmit sem v\u00e1ltoztat.<\/p>\n\n\n\n<p>200 fokon 25 perc alatt also fels\u0151 s\u00fct\u00e9ssel k\u00e9szre s\u00fctj\u00fck, majd hagyjuk teljesen kih\u0171lni.<\/p>\n\n\n\n<p>A kr\u00e9m elk\u00e9sz\u00edt\u00e9se nagyon egyszer\u0171, minden alapanyag mehet egy kutterba vagy egy turmixg\u00e9pbe. \u00d6ssze dolgozzuk, majd a kih\u0171lt pisk\u00f3t\u00e1nkon elegyengetj\u00fck.<\/p>\n\n\n\n<p>Friss gy\u00fcm\u00f6lccsel, ment\u00e1val d\u00edsz\u00edthetj\u00fck.<\/p>\n","protected":false},"excerpt":{"rendered":"<p>-Veg\u00e1n-,glut\u00e9n-,cukormentes- Hozz\u00e1val\u00f3k (8 szelethez): Alap: -100 g \u00c9l\u00e9skamra veg\u00e1n kelt s\u00fcti \u00e9s pisk\u00f3ta liszt -115 g cukormentes n\u00f6v\u00e9nyi tej -1\/2 ev\u0151kan\u00e1l almaecet -3 g \u00c9l\u00e9skamra Foszf\u00e1tmentes s\u00fct\u0151por -30 g k\u00f3kuszzs\u00edr -6 g foly\u00e9kony \u00e9des\u00edt\u0151szer&nbsp; -3 g van\u00edlia aroma Kr\u00e9m: -150 g nat\u00far tofu&nbsp; -150 g fagyasztott vagy friss eper -50 g cukormentes k\u00f3kusztej (lehet egy [&hellip;]<\/p>\n","protected":false},"author":2,"featured_media":15415466,"comment_status":"open","ping_status":"open","sticky":false,"template":"","format":"standard","meta":{"footnotes":""},"categories":[72,73,77,11],"tags":[685],"maradek_termekek":[352],"class_list":["post-15415465","post","type-post","status-publish","format-standard","has-post-thumbnail","hentry","category-cukormentes","category-tej-mentes","category-tojas-mentes","category-vegan","tag-kevert-suti","maradek_termekek-vegan-kelt-sutik-es-piskota-lisztkeverek"],"yoast_head":"<!-- This site is optimized with the Yoast SEO plugin v20.5 - https:\/\/yoast.com\/wordpress\/plugins\/seo\/ -->\n<title>Gy\u00fcm\u00f6lcs\u00f6s kevert s\u00fcti \ud83c\udf52\ud83d\udc69\ud83c\udffc\u200d\ud83c\udf73\u00a0 - \u00c9l\u00e9skamra Blog<\/title>\n<meta name=\"robots\" content=\"index, follow, max-snippet:-1, max-image-preview:large, max-video-preview:-1\" \/>\n<link rel=\"canonical\" href=\"https:\/\/eleskamralisztek.hu\/?p=15415465\" \/>\n<meta property=\"og:locale\" content=\"hu_HU\" \/>\n<meta property=\"og:type\" content=\"article\" \/>\n<meta property=\"og:title\" content=\"Gy\u00fcm\u00f6lcs\u00f6s kevert s\u00fcti \ud83c\udf52\ud83d\udc69\ud83c\udffc\u200d\ud83c\udf73\u00a0 - \u00c9l\u00e9skamra Blog\" \/>\n<meta property=\"og:description\" content=\"-Veg\u00e1n-,glut\u00e9n-,cukormentes- Hozz\u00e1val\u00f3k (8 szelethez): Alap: -100 g \u00c9l\u00e9skamra veg\u00e1n kelt s\u00fcti \u00e9s pisk\u00f3ta liszt -115 g cukormentes n\u00f6v\u00e9nyi tej -1\/2 ev\u0151kan\u00e1l almaecet -3 g \u00c9l\u00e9skamra Foszf\u00e1tmentes s\u00fct\u0151por -30 g k\u00f3kuszzs\u00edr -6 g foly\u00e9kony \u00e9des\u00edt\u0151szer&nbsp; -3 g van\u00edlia aroma Kr\u00e9m: -150 g nat\u00far tofu&nbsp; -150 g fagyasztott vagy friss eper -50 g cukormentes k\u00f3kusztej (lehet egy [&hellip;]\" \/>\n<meta property=\"og:url\" content=\"https:\/\/eleskamralisztek.hu\/?p=15415465\" \/>\n<meta property=\"og:site_name\" content=\"\u00c9l\u00e9skamra Blog\" \/>\n<meta property=\"article:published_time\" content=\"2023-12-19T09:06:07+00:00\" \/>\n<meta property=\"article:modified_time\" content=\"2023-12-19T09:06:08+00:00\" \/>\n<meta property=\"og:image\" content=\"https:\/\/eleskamralisztek.hu\/wp-content\/uploads\/2023\/12\/LKJFes-scaled.jpg\" \/>\n\t<meta property=\"og:image:width\" content=\"1920\" \/>\n\t<meta property=\"og:image:height\" content=\"2560\" \/>\n\t<meta property=\"og:image:type\" content=\"image\/jpeg\" \/>\n<meta name=\"author\" content=\"eva\" \/>\n<meta name=\"twitter:card\" content=\"summary_large_image\" \/>\n<meta name=\"twitter:label1\" content=\"Szerz\u0151:\" \/>\n\t<meta name=\"twitter:data1\" content=\"eva\" \/>\n\t<meta name=\"twitter:label2\" content=\"Becs\u00fclt olvas\u00e1si id\u0151\" \/>\n\t<meta name=\"twitter:data2\" content=\"1 perc\" \/>\n<script type=\"application\/ld+json\" class=\"yoast-schema-graph\">{\"@context\":\"https:\/\/schema.org\",\"@graph\":[{\"@type\":\"Article\",\"@id\":\"https:\/\/eleskamralisztek.hu\/?p=15415465#article\",\"isPartOf\":{\"@id\":\"https:\/\/eleskamralisztek.hu\/?p=15415465\"},\"author\":{\"name\":\"eva\",\"@id\":\"https:\/\/eleskamralisztek.hu\/#\/schema\/person\/5444d8c82f9679b2485b08f51a6fa26b\"},\"headline\":\"Gy\u00fcm\u00f6lcs\u00f6s kevert s\u00fcti \ud83c\udf52\ud83d\udc69\ud83c\udffc\u200d\ud83c\udf73\u00a0\",\"datePublished\":\"2023-12-19T09:06:07+00:00\",\"dateModified\":\"2023-12-19T09:06:08+00:00\",\"mainEntityOfPage\":{\"@id\":\"https:\/\/eleskamralisztek.hu\/?p=15415465\"},\"wordCount\":263,\"commentCount\":0,\"publisher\":{\"@id\":\"https:\/\/eleskamralisztek.hu\/#organization\"},\"keywords\":[\"kevert s\u00fcti\"],\"articleSection\":[\"Cukormentes\",\"Tej mentes\",\"Toj\u00e1s mentes\",\"Vegan\"],\"inLanguage\":\"hu\",\"potentialAction\":[{\"@type\":\"CommentAction\",\"name\":\"Comment\",\"target\":[\"https:\/\/eleskamralisztek.hu\/?p=15415465#respond\"]}]},{\"@type\":\"WebPage\",\"@id\":\"https:\/\/eleskamralisztek.hu\/?p=15415465\",\"url\":\"https:\/\/eleskamralisztek.hu\/?p=15415465\",\"name\":\"Gy\u00fcm\u00f6lcs\u00f6s kevert s\u00fcti \ud83c\udf52\ud83d\udc69\ud83c\udffc\u200d\ud83c\udf73\u00a0 - \u00c9l\u00e9skamra Blog\",\"isPartOf\":{\"@id\":\"https:\/\/eleskamralisztek.hu\/#website\"},\"datePublished\":\"2023-12-19T09:06:07+00:00\",\"dateModified\":\"2023-12-19T09:06:08+00:00\",\"breadcrumb\":{\"@id\":\"https:\/\/eleskamralisztek.hu\/?p=15415465#breadcrumb\"},\"inLanguage\":\"hu\",\"potentialAction\":[{\"@type\":\"ReadAction\",\"target\":[\"https:\/\/eleskamralisztek.hu\/?p=15415465\"]}]},{\"@type\":\"BreadcrumbList\",\"@id\":\"https:\/\/eleskamralisztek.hu\/?p=15415465#breadcrumb\",\"itemListElement\":[{\"@type\":\"ListItem\",\"position\":1,\"name\":\"Kezd\u0151lap\",\"item\":\"https:\/\/eleskamralisztek.hu\/\"},{\"@type\":\"ListItem\",\"position\":2,\"name\":\"Gy\u00fcm\u00f6lcs\u00f6s kevert s\u00fcti \ud83c\udf52\ud83d\udc69\ud83c\udffc\u200d\ud83c\udf73\u00a0\"}]},{\"@type\":\"WebSite\",\"@id\":\"https:\/\/eleskamralisztek.hu\/#website\",\"url\":\"https:\/\/eleskamralisztek.hu\/\",\"name\":\"\u00c9l\u00e9skamra Receptek Blogja\",\"description\":\"Mentes receptek Neked\",\"publisher\":{\"@id\":\"https:\/\/eleskamralisztek.hu\/#organization\"},\"potentialAction\":[{\"@type\":\"SearchAction\",\"target\":{\"@type\":\"EntryPoint\",\"urlTemplate\":\"https:\/\/eleskamralisztek.hu\/?s={search_term_string}\"},\"query-input\":\"required name=search_term_string\"}],\"inLanguage\":\"hu\"},{\"@type\":\"Organization\",\"@id\":\"https:\/\/eleskamralisztek.hu\/#organization\",\"name\":\"\u00c9l\u00e9skamra - glut\u00e9nmentes lisztek\",\"url\":\"https:\/\/eleskamralisztek.hu\/\",\"logo\":{\"@type\":\"ImageObject\",\"inLanguage\":\"hu\",\"@id\":\"https:\/\/eleskamralisztek.hu\/#\/schema\/logo\/image\/\",\"url\":\"https:\/\/eleskamralisztek.hu\/wp-content\/uploads\/2022\/06\/eleskamraujlogo.png\",\"contentUrl\":\"https:\/\/eleskamralisztek.hu\/wp-content\/uploads\/2022\/06\/eleskamraujlogo.png\",\"width\":4724,\"height\":1417,\"caption\":\"\u00c9l\u00e9skamra - glut\u00e9nmentes lisztek\"},\"image\":{\"@id\":\"https:\/\/eleskamralisztek.hu\/#\/schema\/logo\/image\/\"}},{\"@type\":\"Person\",\"@id\":\"https:\/\/eleskamralisztek.hu\/#\/schema\/person\/5444d8c82f9679b2485b08f51a6fa26b\",\"name\":\"eva\",\"image\":{\"@type\":\"ImageObject\",\"inLanguage\":\"hu\",\"@id\":\"https:\/\/eleskamralisztek.hu\/#\/schema\/person\/image\/\",\"url\":\"https:\/\/secure.gravatar.com\/avatar\/c9427e4403b37e197eae11a035dddaf6?s=96&d=mm&r=g\",\"contentUrl\":\"https:\/\/secure.gravatar.com\/avatar\/c9427e4403b37e197eae11a035dddaf6?s=96&d=mm&r=g\",\"caption\":\"eva\"},\"url\":\"https:\/\/eleskamralisztek.hu\/?author=2\"}]}<\/script>\n<!-- \/ Yoast SEO plugin. -->","yoast_head_json":{"title":"Gy\u00fcm\u00f6lcs\u00f6s kevert s\u00fcti \ud83c\udf52\ud83d\udc69\ud83c\udffc\u200d\ud83c\udf73\u00a0 - \u00c9l\u00e9skamra Blog","robots":{"index":"index","follow":"follow","max-snippet":"max-snippet:-1","max-image-preview":"max-image-preview:large","max-video-preview":"max-video-preview:-1"},"canonical":"https:\/\/eleskamralisztek.hu\/?p=15415465","og_locale":"hu_HU","og_type":"article","og_title":"Gy\u00fcm\u00f6lcs\u00f6s kevert s\u00fcti \ud83c\udf52\ud83d\udc69\ud83c\udffc\u200d\ud83c\udf73\u00a0 - \u00c9l\u00e9skamra Blog","og_description":"-Veg\u00e1n-,glut\u00e9n-,cukormentes- Hozz\u00e1val\u00f3k (8 szelethez): Alap: -100 g \u00c9l\u00e9skamra veg\u00e1n kelt s\u00fcti \u00e9s pisk\u00f3ta liszt -115 g cukormentes n\u00f6v\u00e9nyi tej -1\/2 ev\u0151kan\u00e1l almaecet -3 g \u00c9l\u00e9skamra Foszf\u00e1tmentes s\u00fct\u0151por -30 g k\u00f3kuszzs\u00edr -6 g foly\u00e9kony \u00e9des\u00edt\u0151szer&nbsp; -3 g van\u00edlia aroma Kr\u00e9m: -150 g nat\u00far tofu&nbsp; -150 g fagyasztott vagy friss eper -50 g cukormentes k\u00f3kusztej (lehet egy [&hellip;]","og_url":"https:\/\/eleskamralisztek.hu\/?p=15415465","og_site_name":"\u00c9l\u00e9skamra Blog","article_published_time":"2023-12-19T09:06:07+00:00","article_modified_time":"2023-12-19T09:06:08+00:00","og_image":[{"width":1920,"height":2560,"url":"https:\/\/eleskamralisztek.hu\/wp-content\/uploads\/2023\/12\/LKJFes-scaled.jpg","type":"image\/jpeg"}],"author":"eva","twitter_card":"summary_large_image","twitter_misc":{"Szerz\u0151:":"eva","Becs\u00fclt olvas\u00e1si id\u0151":"1 perc"},"schema":{"@context":"https:\/\/schema.org","@graph":[{"@type":"Article","@id":"https:\/\/eleskamralisztek.hu\/?p=15415465#article","isPartOf":{"@id":"https:\/\/eleskamralisztek.hu\/?p=15415465"},"author":{"name":"eva","@id":"https:\/\/eleskamralisztek.hu\/#\/schema\/person\/5444d8c82f9679b2485b08f51a6fa26b"},"headline":"Gy\u00fcm\u00f6lcs\u00f6s kevert s\u00fcti \ud83c\udf52\ud83d\udc69\ud83c\udffc\u200d\ud83c\udf73\u00a0","datePublished":"2023-12-19T09:06:07+00:00","dateModified":"2023-12-19T09:06:08+00:00","mainEntityOfPage":{"@id":"https:\/\/eleskamralisztek.hu\/?p=15415465"},"wordCount":263,"commentCount":0,"publisher":{"@id":"https:\/\/eleskamralisztek.hu\/#organization"},"keywords":["kevert s\u00fcti"],"articleSection":["Cukormentes","Tej mentes","Toj\u00e1s mentes","Vegan"],"inLanguage":"hu","potentialAction":[{"@type":"CommentAction","name":"Comment","target":["https:\/\/eleskamralisztek.hu\/?p=15415465#respond"]}]},{"@type":"WebPage","@id":"https:\/\/eleskamralisztek.hu\/?p=15415465","url":"https:\/\/eleskamralisztek.hu\/?p=15415465","name":"Gy\u00fcm\u00f6lcs\u00f6s kevert s\u00fcti \ud83c\udf52\ud83d\udc69\ud83c\udffc\u200d\ud83c\udf73\u00a0 - \u00c9l\u00e9skamra Blog","isPartOf":{"@id":"https:\/\/eleskamralisztek.hu\/#website"},"datePublished":"2023-12-19T09:06:07+00:00","dateModified":"2023-12-19T09:06:08+00:00","breadcrumb":{"@id":"https:\/\/eleskamralisztek.hu\/?p=15415465#breadcrumb"},"inLanguage":"hu","potentialAction":[{"@type":"ReadAction","target":["https:\/\/eleskamralisztek.hu\/?p=15415465"]}]},{"@type":"BreadcrumbList","@id":"https:\/\/eleskamralisztek.hu\/?p=15415465#breadcrumb","itemListElement":[{"@type":"ListItem","position":1,"name":"Kezd\u0151lap","item":"https:\/\/eleskamralisztek.hu\/"},{"@type":"ListItem","position":2,"name":"Gy\u00fcm\u00f6lcs\u00f6s kevert s\u00fcti \ud83c\udf52\ud83d\udc69\ud83c\udffc\u200d\ud83c\udf73\u00a0"}]},{"@type":"WebSite","@id":"https:\/\/eleskamralisztek.hu\/#website","url":"https:\/\/eleskamralisztek.hu\/","name":"\u00c9l\u00e9skamra Receptek Blogja","description":"Mentes receptek Neked","publisher":{"@id":"https:\/\/eleskamralisztek.hu\/#organization"},"potentialAction":[{"@type":"SearchAction","target":{"@type":"EntryPoint","urlTemplate":"https:\/\/eleskamralisztek.hu\/?s={search_term_string}"},"query-input":"required name=search_term_string"}],"inLanguage":"hu"},{"@type":"Organization","@id":"https:\/\/eleskamralisztek.hu\/#organization","name":"\u00c9l\u00e9skamra - glut\u00e9nmentes lisztek","url":"https:\/\/eleskamralisztek.hu\/","logo":{"@type":"ImageObject","inLanguage":"hu","@id":"https:\/\/eleskamralisztek.hu\/#\/schema\/logo\/image\/","url":"https:\/\/eleskamralisztek.hu\/wp-content\/uploads\/2022\/06\/eleskamraujlogo.png","contentUrl":"https:\/\/eleskamralisztek.hu\/wp-content\/uploads\/2022\/06\/eleskamraujlogo.png","width":4724,"height":1417,"caption":"\u00c9l\u00e9skamra - glut\u00e9nmentes lisztek"},"image":{"@id":"https:\/\/eleskamralisztek.hu\/#\/schema\/logo\/image\/"}},{"@type":"Person","@id":"https:\/\/eleskamralisztek.hu\/#\/schema\/person\/5444d8c82f9679b2485b08f51a6fa26b","name":"eva","image":{"@type":"ImageObject","inLanguage":"hu","@id":"https:\/\/eleskamralisztek.hu\/#\/schema\/person\/image\/","url":"https:\/\/secure.gravatar.com\/avatar\/c9427e4403b37e197eae11a035dddaf6?s=96&d=mm&r=g","contentUrl":"https:\/\/secure.gravatar.com\/avatar\/c9427e4403b37e197eae11a035dddaf6?s=96&d=mm&r=g","caption":"eva"},"url":"https:\/\/eleskamralisztek.hu\/?author=2"}]}},"_links":{"self":[{"href":"https:\/\/eleskamralisztek.hu\/index.php?rest_route=\/wp\/v2\/posts\/15415465","targetHints":{"allow":["GET"]}}],"collection":[{"href":"https:\/\/eleskamralisztek.hu\/index.php?rest_route=\/wp\/v2\/posts"}],"about":[{"href":"https:\/\/eleskamralisztek.hu\/index.php?rest_route=\/wp\/v2\/types\/post"}],"author":[{"embeddable":true,"href":"https:\/\/eleskamralisztek.hu\/index.php?rest_route=\/wp\/v2\/users\/2"}],"replies":[{"embeddable":true,"href":"https:\/\/eleskamralisztek.hu\/index.php?rest_route=%2Fwp%2Fv2%2Fcomments&post=15415465"}],"version-history":[{"count":1,"href":"https:\/\/eleskamralisztek.hu\/index.php?rest_route=\/wp\/v2\/posts\/15415465\/revisions"}],"predecessor-version":[{"id":15415467,"href":"https:\/\/eleskamralisztek.hu\/index.php?rest_route=\/wp\/v2\/posts\/15415465\/revisions\/15415467"}],"wp:featuredmedia":[{"embeddable":true,"href":"https:\/\/eleskamralisztek.hu\/index.php?rest_route=\/wp\/v2\/media\/15415466"}],"wp:attachment":[{"href":"https:\/\/eleskamralisztek.hu\/index.php?rest_route=%2Fwp%2Fv2%2Fmedia&parent=15415465"}],"wp:term":[{"taxonomy":"category","embeddable":true,"href":"https:\/\/eleskamralisztek.hu\/index.php?rest_route=%2Fwp%2Fv2%2Fcategories&post=15415465"},{"taxonomy":"post_tag","embeddable":true,"href":"https:\/\/eleskamralisztek.hu\/index.php?rest_route=%2Fwp%2Fv2%2Ftags&post=15415465"},{"taxonomy":"maradek_termekek","embeddable":true,"href":"https:\/\/eleskamralisztek.hu\/index.php?rest_route=%2Fwp%2Fv2%2Fmaradek_termekek&post=15415465"}],"curies":[{"name":"wp","href":"https:\/\/api.w.org\/{rel}","templated":true}]}}