{"id":15415468,"date":"2023-12-19T09:26:50","date_gmt":"2023-12-19T09:26:50","guid":{"rendered":"https:\/\/eleskamralisztek.hu\/?p=15415468"},"modified":"2023-12-19T09:26:51","modified_gmt":"2023-12-19T09:26:51","slug":"mini-bagett-%f0%9f%a5%96","status":"publish","type":"post","link":"https:\/\/eleskamralisztek.hu\/?p=15415468","title":{"rendered":"Mini Bagett.\ud83e\udd56"},"content":{"rendered":"\n<p>-Tej-,toj\u00e1s-,glut\u00e9n-,cukormentes<\/p>\n\n\n\n<p>Hozz\u00e1val\u00f3k(4 db-hoz):<\/p>\n\n\n\n<p><a href=\"https:\/\/glutenmenteslisztek.hu\/Eleskamra-vegan-hazi-kenyer-glutenmentes-lisztkeverek\">-200 g \u00c9l\u00e9skamra h\u00e1zi feh\u00e9r keny\u00e9r liszt<\/a><\/p>\n\n\n\n<p>&#8211;<a href=\"https:\/\/glutenmenteslisztek.hu\/Eleskamra-Glutenmentes-Instant-Eleszto-50-g\">1\/2 csomag \u00c9l\u00e9skamra glut\u00e9nmentes por\u00e9leszt\u0151<\/a><\/p>\n\n\n\n<p>-180 g langyos k\u00f3kusz tej<\/p>\n\n\n\n<p>-4 g s\u00f3<\/p>\n\n\n\n<p><a href=\"https:\/\/glutenmenteslisztek.hu\/Eleskamra-Bio-Almaecet-05-l\">-4 te\u00e1skan\u00e1l almaecet<\/a><\/p>\n\n\n\n<p><a href=\"https:\/\/glutenmenteslisztek.hu\/Kara-Kokusz-olaj-1-L-tasakos\">-ol\u00edva, vagy k\u00f3kuszolaj a leken\u00e9shez<\/a><\/p>\n\n\n\n<p>Elk\u00e9sz\u00edt\u00e9s:<\/p>\n\n\n\n<p>A liszthez adjuk az \u00e9leszt\u0151t \u00e9s a s\u00f3t, majd j\u00f3l \u00f6ssze forgatjuk. Hozz\u00e1 \u00f6ntj\u00fck a kever\u00e9khez a tejet \u00e9s egy j\u00f3l form\u00e1zhat\u00f3 t\u00e9szt\u00e1t gy\u00farunk bel\u0151le.N\u00e9gy r\u00e9szre osztjuk, majd a form\u00e1nkba nyomkodjuk.\u00a0 A @glutenmenteslisztek <a href=\"https:\/\/glutenmenteslisztek.hu\/peksutemeny-szilikon-sutoforma\">szilikon p\u00e9ks\u00fcti forma<\/a>, nagyon j\u00f3 kis tal\u00e1lm\u00e1ny, \u00e9n ezt haszn\u00e1lom, aj\u00e1nlom beszerezni! \u263a\ufe0f<\/p>\n\n\n\n<p>Lef\u00fajjuk k\u00f3kusz olajjal, vagy ol\u00edvaolajjal a bagetteket, majd 230 fokon 20 perc alatt k\u00e9szre s\u00fctj\u00fck \u0151ket.&nbsp;<\/p>\n\n\n\n<p>EXTRA TIPP: form\u00e1z\u00e1s ut\u00e1n le is lehet fagyasztani \u0151ket, \u00edgy megk\u00f6nny\u00edtve a h\u00e9tk\u00f6znapokat. A fagyos bagetteket 20 perc helyett 27-30 percig kell s\u00fctni.<\/p>\n","protected":false},"excerpt":{"rendered":"<p>-Tej-,toj\u00e1s-,glut\u00e9n-,cukormentes Hozz\u00e1val\u00f3k(4 db-hoz): -200 g \u00c9l\u00e9skamra h\u00e1zi feh\u00e9r keny\u00e9r liszt &#8211;1\/2 csomag \u00c9l\u00e9skamra glut\u00e9nmentes por\u00e9leszt\u0151 -180 g langyos k\u00f3kusz tej -4 g s\u00f3 -4 te\u00e1skan\u00e1l almaecet -ol\u00edva, vagy k\u00f3kuszolaj a leken\u00e9shez Elk\u00e9sz\u00edt\u00e9s: A liszthez adjuk az \u00e9leszt\u0151t \u00e9s a s\u00f3t, majd j\u00f3l \u00f6ssze forgatjuk. Hozz\u00e1 \u00f6ntj\u00fck a kever\u00e9khez a tejet \u00e9s egy j\u00f3l form\u00e1zhat\u00f3 t\u00e9szt\u00e1t [&hellip;]<\/p>\n","protected":false},"author":2,"featured_media":15415469,"comment_status":"open","ping_status":"open","sticky":false,"template":"","format":"standard","meta":{"footnotes":""},"categories":[73,77,11],"tags":[508,296],"maradek_termekek":[350],"class_list":["post-15415468","post","type-post","status-publish","format-standard","has-post-thumbnail","hentry","category-tej-mentes","category-tojas-mentes","category-vegan","tag-bagett","tag-kenyer","maradek_termekek-vegan-hazi-feher-kenyer-lisztkeverek"],"yoast_head":"<!-- This site is optimized with the Yoast SEO plugin v20.5 - https:\/\/yoast.com\/wordpress\/plugins\/seo\/ -->\n<title>Mini Bagett.\ud83e\udd56 - \u00c9l\u00e9skamra Blog<\/title>\n<meta name=\"robots\" content=\"index, follow, max-snippet:-1, max-image-preview:large, max-video-preview:-1\" \/>\n<link rel=\"canonical\" href=\"https:\/\/eleskamralisztek.hu\/?p=15415468\" \/>\n<meta property=\"og:locale\" content=\"hu_HU\" \/>\n<meta property=\"og:type\" content=\"article\" \/>\n<meta property=\"og:title\" content=\"Mini Bagett.\ud83e\udd56 - \u00c9l\u00e9skamra Blog\" \/>\n<meta property=\"og:description\" content=\"-Tej-,toj\u00e1s-,glut\u00e9n-,cukormentes Hozz\u00e1val\u00f3k(4 db-hoz): -200 g \u00c9l\u00e9skamra h\u00e1zi feh\u00e9r keny\u00e9r liszt &#8211;1\/2 csomag \u00c9l\u00e9skamra glut\u00e9nmentes por\u00e9leszt\u0151 -180 g langyos k\u00f3kusz tej -4 g s\u00f3 -4 te\u00e1skan\u00e1l almaecet -ol\u00edva, vagy k\u00f3kuszolaj a leken\u00e9shez Elk\u00e9sz\u00edt\u00e9s: A liszthez adjuk az \u00e9leszt\u0151t \u00e9s a s\u00f3t, majd j\u00f3l \u00f6ssze forgatjuk. Hozz\u00e1 \u00f6ntj\u00fck a kever\u00e9khez a tejet \u00e9s egy j\u00f3l form\u00e1zhat\u00f3 t\u00e9szt\u00e1t [&hellip;]\" \/>\n<meta property=\"og:url\" content=\"https:\/\/eleskamralisztek.hu\/?p=15415468\" \/>\n<meta property=\"og:site_name\" content=\"\u00c9l\u00e9skamra Blog\" \/>\n<meta property=\"article:published_time\" content=\"2023-12-19T09:26:50+00:00\" \/>\n<meta property=\"article:modified_time\" content=\"2023-12-19T09:26:51+00:00\" \/>\n<meta property=\"og:image\" content=\"https:\/\/eleskamralisztek.hu\/wp-content\/uploads\/2023\/12\/minib-scaled.jpg\" \/>\n\t<meta property=\"og:image:width\" content=\"1920\" \/>\n\t<meta property=\"og:image:height\" content=\"2560\" \/>\n\t<meta property=\"og:image:type\" content=\"image\/jpeg\" \/>\n<meta name=\"author\" content=\"eva\" \/>\n<meta name=\"twitter:card\" content=\"summary_large_image\" \/>\n<meta name=\"twitter:label1\" content=\"Szerz\u0151:\" \/>\n\t<meta name=\"twitter:data1\" content=\"eva\" \/>\n\t<meta name=\"twitter:label2\" content=\"Becs\u00fclt olvas\u00e1si id\u0151\" \/>\n\t<meta name=\"twitter:data2\" content=\"1 perc\" \/>\n<script type=\"application\/ld+json\" class=\"yoast-schema-graph\">{\"@context\":\"https:\/\/schema.org\",\"@graph\":[{\"@type\":\"Article\",\"@id\":\"https:\/\/eleskamralisztek.hu\/?p=15415468#article\",\"isPartOf\":{\"@id\":\"https:\/\/eleskamralisztek.hu\/?p=15415468\"},\"author\":{\"name\":\"eva\",\"@id\":\"https:\/\/eleskamralisztek.hu\/#\/schema\/person\/5444d8c82f9679b2485b08f51a6fa26b\"},\"headline\":\"Mini Bagett.\ud83e\udd56\",\"datePublished\":\"2023-12-19T09:26:50+00:00\",\"dateModified\":\"2023-12-19T09:26:51+00:00\",\"mainEntityOfPage\":{\"@id\":\"https:\/\/eleskamralisztek.hu\/?p=15415468\"},\"wordCount\":174,\"commentCount\":0,\"publisher\":{\"@id\":\"https:\/\/eleskamralisztek.hu\/#organization\"},\"keywords\":[\"bagett\",\"keny\u00e9r\"],\"articleSection\":[\"Tej mentes\",\"Toj\u00e1s mentes\",\"Vegan\"],\"inLanguage\":\"hu\",\"potentialAction\":[{\"@type\":\"CommentAction\",\"name\":\"Comment\",\"target\":[\"https:\/\/eleskamralisztek.hu\/?p=15415468#respond\"]}]},{\"@type\":\"WebPage\",\"@id\":\"https:\/\/eleskamralisztek.hu\/?p=15415468\",\"url\":\"https:\/\/eleskamralisztek.hu\/?p=15415468\",\"name\":\"Mini Bagett.\ud83e\udd56 - \u00c9l\u00e9skamra Blog\",\"isPartOf\":{\"@id\":\"https:\/\/eleskamralisztek.hu\/#website\"},\"datePublished\":\"2023-12-19T09:26:50+00:00\",\"dateModified\":\"2023-12-19T09:26:51+00:00\",\"breadcrumb\":{\"@id\":\"https:\/\/eleskamralisztek.hu\/?p=15415468#breadcrumb\"},\"inLanguage\":\"hu\",\"potentialAction\":[{\"@type\":\"ReadAction\",\"target\":[\"https:\/\/eleskamralisztek.hu\/?p=15415468\"]}]},{\"@type\":\"BreadcrumbList\",\"@id\":\"https:\/\/eleskamralisztek.hu\/?p=15415468#breadcrumb\",\"itemListElement\":[{\"@type\":\"ListItem\",\"position\":1,\"name\":\"Kezd\u0151lap\",\"item\":\"https:\/\/eleskamralisztek.hu\/\"},{\"@type\":\"ListItem\",\"position\":2,\"name\":\"Mini Bagett.\ud83e\udd56\"}]},{\"@type\":\"WebSite\",\"@id\":\"https:\/\/eleskamralisztek.hu\/#website\",\"url\":\"https:\/\/eleskamralisztek.hu\/\",\"name\":\"\u00c9l\u00e9skamra Receptek Blogja\",\"description\":\"Mentes receptek Neked\",\"publisher\":{\"@id\":\"https:\/\/eleskamralisztek.hu\/#organization\"},\"potentialAction\":[{\"@type\":\"SearchAction\",\"target\":{\"@type\":\"EntryPoint\",\"urlTemplate\":\"https:\/\/eleskamralisztek.hu\/?s={search_term_string}\"},\"query-input\":\"required name=search_term_string\"}],\"inLanguage\":\"hu\"},{\"@type\":\"Organization\",\"@id\":\"https:\/\/eleskamralisztek.hu\/#organization\",\"name\":\"\u00c9l\u00e9skamra - glut\u00e9nmentes lisztek\",\"url\":\"https:\/\/eleskamralisztek.hu\/\",\"logo\":{\"@type\":\"ImageObject\",\"inLanguage\":\"hu\",\"@id\":\"https:\/\/eleskamralisztek.hu\/#\/schema\/logo\/image\/\",\"url\":\"https:\/\/eleskamralisztek.hu\/wp-content\/uploads\/2022\/06\/eleskamraujlogo.png\",\"contentUrl\":\"https:\/\/eleskamralisztek.hu\/wp-content\/uploads\/2022\/06\/eleskamraujlogo.png\",\"width\":4724,\"height\":1417,\"caption\":\"\u00c9l\u00e9skamra - glut\u00e9nmentes lisztek\"},\"image\":{\"@id\":\"https:\/\/eleskamralisztek.hu\/#\/schema\/logo\/image\/\"}},{\"@type\":\"Person\",\"@id\":\"https:\/\/eleskamralisztek.hu\/#\/schema\/person\/5444d8c82f9679b2485b08f51a6fa26b\",\"name\":\"eva\",\"image\":{\"@type\":\"ImageObject\",\"inLanguage\":\"hu\",\"@id\":\"https:\/\/eleskamralisztek.hu\/#\/schema\/person\/image\/\",\"url\":\"https:\/\/secure.gravatar.com\/avatar\/c9427e4403b37e197eae11a035dddaf6?s=96&d=mm&r=g\",\"contentUrl\":\"https:\/\/secure.gravatar.com\/avatar\/c9427e4403b37e197eae11a035dddaf6?s=96&d=mm&r=g\",\"caption\":\"eva\"},\"url\":\"https:\/\/eleskamralisztek.hu\/?author=2\"}]}<\/script>\n<!-- \/ Yoast SEO plugin. -->","yoast_head_json":{"title":"Mini Bagett.\ud83e\udd56 - \u00c9l\u00e9skamra Blog","robots":{"index":"index","follow":"follow","max-snippet":"max-snippet:-1","max-image-preview":"max-image-preview:large","max-video-preview":"max-video-preview:-1"},"canonical":"https:\/\/eleskamralisztek.hu\/?p=15415468","og_locale":"hu_HU","og_type":"article","og_title":"Mini Bagett.\ud83e\udd56 - \u00c9l\u00e9skamra Blog","og_description":"-Tej-,toj\u00e1s-,glut\u00e9n-,cukormentes Hozz\u00e1val\u00f3k(4 db-hoz): -200 g \u00c9l\u00e9skamra h\u00e1zi feh\u00e9r keny\u00e9r liszt &#8211;1\/2 csomag \u00c9l\u00e9skamra glut\u00e9nmentes por\u00e9leszt\u0151 -180 g langyos k\u00f3kusz tej -4 g s\u00f3 -4 te\u00e1skan\u00e1l almaecet -ol\u00edva, vagy k\u00f3kuszolaj a leken\u00e9shez Elk\u00e9sz\u00edt\u00e9s: A liszthez adjuk az \u00e9leszt\u0151t \u00e9s a s\u00f3t, majd j\u00f3l \u00f6ssze forgatjuk. Hozz\u00e1 \u00f6ntj\u00fck a kever\u00e9khez a tejet \u00e9s egy j\u00f3l form\u00e1zhat\u00f3 t\u00e9szt\u00e1t [&hellip;]","og_url":"https:\/\/eleskamralisztek.hu\/?p=15415468","og_site_name":"\u00c9l\u00e9skamra Blog","article_published_time":"2023-12-19T09:26:50+00:00","article_modified_time":"2023-12-19T09:26:51+00:00","og_image":[{"width":1920,"height":2560,"url":"https:\/\/eleskamralisztek.hu\/wp-content\/uploads\/2023\/12\/minib-scaled.jpg","type":"image\/jpeg"}],"author":"eva","twitter_card":"summary_large_image","twitter_misc":{"Szerz\u0151:":"eva","Becs\u00fclt olvas\u00e1si id\u0151":"1 perc"},"schema":{"@context":"https:\/\/schema.org","@graph":[{"@type":"Article","@id":"https:\/\/eleskamralisztek.hu\/?p=15415468#article","isPartOf":{"@id":"https:\/\/eleskamralisztek.hu\/?p=15415468"},"author":{"name":"eva","@id":"https:\/\/eleskamralisztek.hu\/#\/schema\/person\/5444d8c82f9679b2485b08f51a6fa26b"},"headline":"Mini Bagett.\ud83e\udd56","datePublished":"2023-12-19T09:26:50+00:00","dateModified":"2023-12-19T09:26:51+00:00","mainEntityOfPage":{"@id":"https:\/\/eleskamralisztek.hu\/?p=15415468"},"wordCount":174,"commentCount":0,"publisher":{"@id":"https:\/\/eleskamralisztek.hu\/#organization"},"keywords":["bagett","keny\u00e9r"],"articleSection":["Tej mentes","Toj\u00e1s mentes","Vegan"],"inLanguage":"hu","potentialAction":[{"@type":"CommentAction","name":"Comment","target":["https:\/\/eleskamralisztek.hu\/?p=15415468#respond"]}]},{"@type":"WebPage","@id":"https:\/\/eleskamralisztek.hu\/?p=15415468","url":"https:\/\/eleskamralisztek.hu\/?p=15415468","name":"Mini Bagett.\ud83e\udd56 - \u00c9l\u00e9skamra Blog","isPartOf":{"@id":"https:\/\/eleskamralisztek.hu\/#website"},"datePublished":"2023-12-19T09:26:50+00:00","dateModified":"2023-12-19T09:26:51+00:00","breadcrumb":{"@id":"https:\/\/eleskamralisztek.hu\/?p=15415468#breadcrumb"},"inLanguage":"hu","potentialAction":[{"@type":"ReadAction","target":["https:\/\/eleskamralisztek.hu\/?p=15415468"]}]},{"@type":"BreadcrumbList","@id":"https:\/\/eleskamralisztek.hu\/?p=15415468#breadcrumb","itemListElement":[{"@type":"ListItem","position":1,"name":"Kezd\u0151lap","item":"https:\/\/eleskamralisztek.hu\/"},{"@type":"ListItem","position":2,"name":"Mini Bagett.\ud83e\udd56"}]},{"@type":"WebSite","@id":"https:\/\/eleskamralisztek.hu\/#website","url":"https:\/\/eleskamralisztek.hu\/","name":"\u00c9l\u00e9skamra Receptek Blogja","description":"Mentes receptek Neked","publisher":{"@id":"https:\/\/eleskamralisztek.hu\/#organization"},"potentialAction":[{"@type":"SearchAction","target":{"@type":"EntryPoint","urlTemplate":"https:\/\/eleskamralisztek.hu\/?s={search_term_string}"},"query-input":"required name=search_term_string"}],"inLanguage":"hu"},{"@type":"Organization","@id":"https:\/\/eleskamralisztek.hu\/#organization","name":"\u00c9l\u00e9skamra - glut\u00e9nmentes lisztek","url":"https:\/\/eleskamralisztek.hu\/","logo":{"@type":"ImageObject","inLanguage":"hu","@id":"https:\/\/eleskamralisztek.hu\/#\/schema\/logo\/image\/","url":"https:\/\/eleskamralisztek.hu\/wp-content\/uploads\/2022\/06\/eleskamraujlogo.png","contentUrl":"https:\/\/eleskamralisztek.hu\/wp-content\/uploads\/2022\/06\/eleskamraujlogo.png","width":4724,"height":1417,"caption":"\u00c9l\u00e9skamra - glut\u00e9nmentes lisztek"},"image":{"@id":"https:\/\/eleskamralisztek.hu\/#\/schema\/logo\/image\/"}},{"@type":"Person","@id":"https:\/\/eleskamralisztek.hu\/#\/schema\/person\/5444d8c82f9679b2485b08f51a6fa26b","name":"eva","image":{"@type":"ImageObject","inLanguage":"hu","@id":"https:\/\/eleskamralisztek.hu\/#\/schema\/person\/image\/","url":"https:\/\/secure.gravatar.com\/avatar\/c9427e4403b37e197eae11a035dddaf6?s=96&d=mm&r=g","contentUrl":"https:\/\/secure.gravatar.com\/avatar\/c9427e4403b37e197eae11a035dddaf6?s=96&d=mm&r=g","caption":"eva"},"url":"https:\/\/eleskamralisztek.hu\/?author=2"}]}},"_links":{"self":[{"href":"https:\/\/eleskamralisztek.hu\/index.php?rest_route=\/wp\/v2\/posts\/15415468","targetHints":{"allow":["GET"]}}],"collection":[{"href":"https:\/\/eleskamralisztek.hu\/index.php?rest_route=\/wp\/v2\/posts"}],"about":[{"href":"https:\/\/eleskamralisztek.hu\/index.php?rest_route=\/wp\/v2\/types\/post"}],"author":[{"embeddable":true,"href":"https:\/\/eleskamralisztek.hu\/index.php?rest_route=\/wp\/v2\/users\/2"}],"replies":[{"embeddable":true,"href":"https:\/\/eleskamralisztek.hu\/index.php?rest_route=%2Fwp%2Fv2%2Fcomments&post=15415468"}],"version-history":[{"count":1,"href":"https:\/\/eleskamralisztek.hu\/index.php?rest_route=\/wp\/v2\/posts\/15415468\/revisions"}],"predecessor-version":[{"id":15415470,"href":"https:\/\/eleskamralisztek.hu\/index.php?rest_route=\/wp\/v2\/posts\/15415468\/revisions\/15415470"}],"wp:featuredmedia":[{"embeddable":true,"href":"https:\/\/eleskamralisztek.hu\/index.php?rest_route=\/wp\/v2\/media\/15415469"}],"wp:attachment":[{"href":"https:\/\/eleskamralisztek.hu\/index.php?rest_route=%2Fwp%2Fv2%2Fmedia&parent=15415468"}],"wp:term":[{"taxonomy":"category","embeddable":true,"href":"https:\/\/eleskamralisztek.hu\/index.php?rest_route=%2Fwp%2Fv2%2Fcategories&post=15415468"},{"taxonomy":"post_tag","embeddable":true,"href":"https:\/\/eleskamralisztek.hu\/index.php?rest_route=%2Fwp%2Fv2%2Ftags&post=15415468"},{"taxonomy":"maradek_termekek","embeddable":true,"href":"https:\/\/eleskamralisztek.hu\/index.php?rest_route=%2Fwp%2Fv2%2Fmaradek_termekek&post=15415468"}],"curies":[{"name":"wp","href":"https:\/\/api.w.org\/{rel}","templated":true}]}}